{"id":255,"date":"2012-06-12T07:59:28","date_gmt":"2012-06-12T07:59:28","guid":{"rendered":"http:\/\/ideo.easp.es\/?p=255"},"modified":"2020-12-09T10:03:22","modified_gmt":"2020-12-09T09:03:22","slug":"innovacion-pedagogica-luces-y-sombras-y-de-pepe-rubianes-a-manolete","status":"publish","type":"post","link":"https:\/\/www.easp.es\/ideo\/?p=255","title":{"rendered":"\u00abInnovaci\u00f3n pedag\u00f3gica: Luces y sombras. Y de Pepe Rubianes a Manolete\u00bb"},"content":{"rendered":"<p><img loading=\"lazy\" class=\"alignleft size-medium wp-image-258\" src=\"https:\/\/www.easp.es\/ideo\/wp-content\/uploads\/2012\/06\/bimbela-300x143.jpg\" alt=\"\" width=\"300\" height=\"143\" srcset=\"https:\/\/www.easp.es\/ideo\/wp-content\/uploads\/2012\/06\/bimbela-300x143.jpg 300w, https:\/\/www.easp.es\/ideo\/wp-content\/uploads\/2012\/06\/bimbela-1024x489.jpg 1024w, https:\/\/www.easp.es\/ideo\/wp-content\/uploads\/2012\/06\/bimbela-500x238.jpg 500w\" sizes=\"(max-width: 300px) 100vw, 300px\" \/>El pasado 5 de junio tuvo lugar la sesi\u00f3n ideo a cargo de <a title=\"bimbela\" href=\"http:\/\/bimbela.wordpress.com\/\" target=\"_blank\" rel=\"noopener noreferrer\">Jos\u00e9 Luis Bimbela<\/a> con el t\u00edtulo \u00ab<strong>Innovaci\u00f3n pedag\u00f3gica: Luces y sombras. Y de Pepe Rubianes a Manolete<\/strong>\u00bb en la que nos hizo un repaso cronol\u00f3gico de su trayectoria como docente y formador de formadores caracterizada por la presencia constante de la innovaci\u00f3n. Desde sus inicios como profesional de la formaci\u00f3n, ha destacado por introducir en su pr\u00e1ctica elementos innovadores. Y como no pod\u00eda ser de otra forma, la sesi\u00f3n que nos ofreci\u00f3 fue en s\u00ed misma innovadora ya que utiliz\u00f3 dos recursos importantes:<\/p>\n<ul>\n<li>Su propia capacidad de captar la atenci\u00f3n de la audiencia utilizando su propio movimiento por el espacio y una presentaci\u00f3n din\u00e1mica de la informaci\u00f3n mediante la utilizaci\u00f3n de paneles con papel\u00f3grafos cuyo discurso iba construyendo in-situ<\/li>\n<\/ul>\n<ul>\n<li>Y por otro lado, incorporando a la sesi\u00f3n de Susana Millarrial Miranda, una alumna del Master de Salud P\u00fablica de la EASP, que nos expuso sus reflexiones desde el punto de vista del alumnado, ofreciendo algunas claves para una mejora de la pr\u00e1ctica docente.<\/li>\n<\/ul>\n<p><img loading=\"lazy\" class=\"aligncenter size-medium wp-image-267\" src=\"https:\/\/www.easp.es\/ideo\/wp-content\/uploads\/2012\/06\/bimbela2-300x121.jpg\" alt=\"\" width=\"300\" height=\"121\" srcset=\"https:\/\/www.easp.es\/ideo\/wp-content\/uploads\/2012\/06\/bimbela2-300x121.jpg 300w, https:\/\/www.easp.es\/ideo\/wp-content\/uploads\/2012\/06\/bimbela2-1024x415.jpg 1024w, https:\/\/www.easp.es\/ideo\/wp-content\/uploads\/2012\/06\/bimbela2-500x203.jpg 500w, https:\/\/www.easp.es\/ideo\/wp-content\/uploads\/2012\/06\/bimbela2.jpg 1687w\" sizes=\"(max-width: 300px) 100vw, 300px\" \/>Una sesi\u00f3n a todas luces esclarecedora que nos ofreci\u00f3 la evoluci\u00f3n de un profesional docente que afronta los retos de la docencia con ilusi\u00f3n y con esa capacidad de innovar que le caracteriza.<\/p>\n","protected":false},"excerpt":{"rendered":"<p>El pasado 5 de junio tuvo lugar la sesi\u00f3n ideo a cargo de Jos\u00e9 Luis Bimbela con el t\u00edtulo \u00abInnovaci\u00f3n pedag\u00f3gica: Luces y sombras. Y de Pepe Rubianes a Manolete\u00bb en la que nos hizo un repaso cronol\u00f3gico de su &hellip; <a href=\"https:\/\/www.easp.es\/ideo\/?p=255\">Sigue leyendo <span class=\"meta-nav\">&rarr;<\/span><\/a><\/p>\n","protected":false},"author":276,"featured_media":0,"comment_status":"open","ping_status":"open","sticky":false,"template":"","format":"standard","meta":{"sfsi_plus_gutenberg_text_before_share":"","sfsi_plus_gutenberg_show_text_before_share":"","sfsi_plus_gutenberg_icon_type":"","sfsi_plus_gutenberg_icon_alignemt":"","sfsi_plus_gutenburg_max_per_row":""},"categories":[5],"tags":[25,24,26],"_links":{"self":[{"href":"https:\/\/www.easp.es\/ideo\/index.php?rest_route=\/wp\/v2\/posts\/255"}],"collection":[{"href":"https:\/\/www.easp.es\/ideo\/index.php?rest_route=\/wp\/v2\/posts"}],"about":[{"href":"https:\/\/www.easp.es\/ideo\/index.php?rest_route=\/wp\/v2\/types\/post"}],"author":[{"embeddable":true,"href":"https:\/\/www.easp.es\/ideo\/index.php?rest_route=\/wp\/v2\/users\/276"}],"replies":[{"embeddable":true,"href":"https:\/\/www.easp.es\/ideo\/index.php?rest_route=%2Fwp%2Fv2%2Fcomments&post=255"}],"version-history":[{"count":30,"href":"https:\/\/www.easp.es\/ideo\/index.php?rest_route=\/wp\/v2\/posts\/255\/revisions"}],"predecessor-version":[{"id":1012,"href":"https:\/\/www.easp.es\/ideo\/index.php?rest_route=\/wp\/v2\/posts\/255\/revisions\/1012"}],"wp:attachment":[{"href":"https:\/\/www.easp.es\/ideo\/index.php?rest_route=%2Fwp%2Fv2%2Fmedia&parent=255"}],"wp:term":[{"taxonomy":"category","embeddable":true,"href":"https:\/\/www.easp.es\/ideo\/index.php?rest_route=%2Fwp%2Fv2%2Fcategories&post=255"},{"taxonomy":"post_tag","embeddable":true,"href":"https:\/\/www.easp.es\/ideo\/index.php?rest_route=%2Fwp%2Fv2%2Ftags&post=255"}],"curies":[{"name":"wp","href":"https:\/\/api.w.org\/{rel}","templated":true}]}}