{"id":298,"date":"2012-06-28T10:09:33","date_gmt":"2012-06-28T10:09:33","guid":{"rendered":"http:\/\/ideo.easp.es\/?p=298"},"modified":"2020-12-09T10:01:54","modified_gmt":"2020-12-09T09:01:54","slug":"ponentes-de-lujo-se-reunen-para-hablar-sobre-aprendizaje-y-herramientas-2-0","status":"publish","type":"post","link":"https:\/\/www.easp.es\/ideo\/?p=298","title":{"rendered":"Ponentes de lujo se re\u00fanen para hablar sobre aprendizaje y herramientas 2.0"},"content":{"rendered":"<p><img loading=\"lazy\" class=\"size-medium wp-image-319 alignleft\" src=\"https:\/\/www.easp.es\/ideo\/wp-content\/uploads\/2012\/06\/ecologia_aprend-300x249.jpg\" alt=\"\" width=\"300\" height=\"249\" srcset=\"https:\/\/www.easp.es\/ideo\/wp-content\/uploads\/2012\/06\/ecologia_aprend-300x249.jpg 300w, https:\/\/www.easp.es\/ideo\/wp-content\/uploads\/2012\/06\/ecologia_aprend-1024x851.jpg 1024w, https:\/\/www.easp.es\/ideo\/wp-content\/uploads\/2012\/06\/ecologia_aprend-360x300.jpg 360w, https:\/\/www.easp.es\/ideo\/wp-content\/uploads\/2012\/06\/ecologia_aprend.jpg 1613w\" sizes=\"(max-width: 300px) 100vw, 300px\" \/>La semana pasada fue una de esas semanas intensas que cuando pasan respiras y piensas que c\u00f3mo se ha podido reunir en el mismo espacio a personas tan interesantes y de las que tanto se puede aprender. Y ahora toca intentar reflejar un poco de aquello mediante palabras en este post, aunque me temo que me quedar\u00e9 corta. Pero una vez m\u00e1s, nos salvar\u00e1n los v\u00eddeos&#8230;<\/p>\n<p>Tuvimos en la sede de la EASP varias personalidades del mundo de la docencia, el aprendizaje y las redes sociales cuyas visitas correspond\u00edan a varios eventos organizados desde nuestra <a title=\"easp\" href=\"http:\/\/www.easp.es\" target=\"_blank\" rel=\"noopener noreferrer\">Instituci\u00f3n <\/a>y en colaboraci\u00f3n con la <a title=\"ugr\" href=\"http:\/\/www.ugr.es\" target=\"_blank\" rel=\"noopener noreferrer\">Universidad de Granada<\/a>:<\/p>\n<ul>\n<li>Esteban Romero Fr\u00edas (@polisea): Profesor de la facultad de Ciencias Econ\u00f3micas y coordinador del <a title=\"GrinUgr\" href=\"http:\/\/estebanromero.com\/grupo-interdisciplinar-de-internet\/\" target=\"_blank\" rel=\"noopener noreferrer\"><em>Grupo de Aprendizaje e Investigaci\u00f3n en Internet<\/em><\/a> conocido en las redes sociales como #GrinUgr.<\/li>\n<li>David \u00c1lvarez (@balhisay): Responsable del \u00e1rea de Gesti\u00f3n del Talento del Consorcio Fernando de los R\u00edos y todo un referente nacional en <a title=\"balhisay\" href=\"http:\/\/e-aprendizaje.es\" target=\"_blank\" rel=\"noopener noreferrer\">e-aprendizaje<\/a> y PLE (Personal Learning Environment)<\/li>\n<li><a title=\"jadell\" href=\"http:\/\/elbonia.cent.uji.es\/jordi\/inicio\/\" target=\"_blank\" rel=\"noopener noreferrer\">Jordi Adell<\/a> (@jordi_a): Doctor en Filosof\u00eda y Ciencias de la Educaci\u00f3n por la Universitat de Val\u00e8ncia y profesor titular del \u00c1rea de Did\u00e1ctica y Organizaci\u00f3n Escolar en el Departamento de Educaci\u00f3n de la Universitat Jaume I en Castell\u00f3n donde imparte varias asignaturas relacionadas con la tecnolog\u00eda educativa. Adem\u00e1s es referente nacional en PLE.<\/li>\n<\/ul>\n<p style=\"text-align: left;\"><img loading=\"lazy\" class=\"aligncenter size-medium wp-image-314\" src=\"https:\/\/www.easp.es\/ideo\/wp-content\/uploads\/2012\/06\/jordi_a_polisea-300x300.jpg\" alt=\"\" width=\"300\" height=\"300\" srcset=\"https:\/\/www.easp.es\/ideo\/wp-content\/uploads\/2012\/06\/jordi_a_polisea-300x300.jpg 300w, https:\/\/www.easp.es\/ideo\/wp-content\/uploads\/2012\/06\/jordi_a_polisea-150x150.jpg 150w, https:\/\/www.easp.es\/ideo\/wp-content\/uploads\/2012\/06\/jordi_a_polisea.jpg 720w\" sizes=\"(max-width: 300px) 100vw, 300px\" \/>Y adem\u00e1s de estos ponentes de lujo, les acompa\u00f1aron otros no menos interesantes, que son profesores de nuestra instituci\u00f3n referentes en sus respectivos campos:<\/p>\n<ul>\n<li><a title=\"marianoh\" href=\"http:\/\/marianohernanblog.blogspot.com.es\/\" target=\"_blank\" rel=\"noopener noreferrer\">Mariano Hern\u00e1n<\/a> (@marianoh): Profesor del \u00e1rea de Salud P\u00fablica<\/li>\n<li><a title=\"minue\" href=\"http:\/\/gerentedemediado.blogspot.com\" target=\"_blank\" rel=\"noopener noreferrer\">Sergio Minu\u00e9<\/a> (@sminue): Profesor del \u00e1rea de Gesti\u00f3n Sanitaria<\/li>\n<li>Jose Francisco Garc\u00eda Guti\u00e9rrez: Profesor del \u00e1rea de Nuevas Tecnolog\u00edas y Salud<\/li>\n<\/ul>\n<p style=\"text-align: center;\"><img loading=\"lazy\" class=\"aligncenter size-medium wp-image-315\" src=\"https:\/\/www.easp.es\/ideo\/wp-content\/uploads\/2012\/06\/marianoh_jordi_a-300x300.jpg\" alt=\"\" width=\"300\" height=\"300\" srcset=\"https:\/\/www.easp.es\/ideo\/wp-content\/uploads\/2012\/06\/marianoh_jordi_a-300x300.jpg 300w, https:\/\/www.easp.es\/ideo\/wp-content\/uploads\/2012\/06\/marianoh_jordi_a-150x150.jpg 150w, https:\/\/www.easp.es\/ideo\/wp-content\/uploads\/2012\/06\/marianoh_jordi_a.jpg 720w\" sizes=\"(max-width: 300px) 100vw, 300px\" \/>Los eventos que coincidieron y reunieron a los m\u00e1s de cincuenta asistentes fueron:<\/p>\n<ul>\n<li>Curso <a title=\"curso ugr\" href=\"http:\/\/estebanromero.com\/2012\/06\/curso-aprendizajes-conectados-para-la-sociedad-del-conocimiento\/\" target=\"_blank\" rel=\"noopener noreferrer\"><em>Aprendizajes Conectados para la Sociedad del Conocimiento de la Universidad de Granada<\/em><\/a> a cargo de Esteban Romero Fr\u00edas. Como parte de este curso tambi\u00e9n estuvieron Jordi Adell y <a title=\"eaprendizaje\" href=\"http:\/\/e-aprendizaje.es\/2012\/06\/18\/curso-aprendizajes-conectados-para-la-sociedad-del-conocimiento\/\" target=\"_blank\" rel=\"noopener noreferrer\">David \u00c1lvarez<\/a>.<\/li>\n<li>Sesi\u00f3n #ideo \u00ab<em>Aprendizaje permanente en educaci\u00f3n superior; Aprender en contextos diversos y PLE. De la renovaci\u00f3n de las metodolog\u00edas educativas a la innovaci\u00f3n y el e-learning<\/em>\u00bb a cargo de Jordi Adell.<\/li>\n<li>Curso \u00ab<em>Innovaciones en Formaci\u00f3n Continuada y Herramientas 2.0<\/em>\u00bb que forma parte del <a title=\"programadocente\" href=\"http:\/\/www.easp.edu.es\/ProgramaDocente\/\" target=\"_blank\" rel=\"noopener noreferrer\">programa docente de la EASP<\/a> en el que adem\u00e1s de todos los ponentes se\u00f1alados tuvieron participaci\u00f3n como docente otros profesionales de la EASP: Jose Luis Mart\u00edn, que nos habl\u00f3 de moodle 2, Luz Molina y Emi Ramos que trataron el limesurvey,\u00a0Jaime Jim\u00e9nez Pernett, que trat\u00f3 el tema de redes sociales y Marga Col\u00f3n que abord\u00f3 una clase pr\u00e1ctica sobre blogs. El programa del curso se puede consultar <a title=\"programa\" href=\"http:\/\/ideo.easp.es\/wp-content\/uploads\/2012\/06\/Programa.pdf\" target=\"_blank\" rel=\"noopener noreferrer\">aqu\u00ed<\/a>.<\/li>\n<\/ul>\n<p>Aqu\u00ed se pueden consultar las presentaciones de los ponentes:<\/p>\n<ul>\n<li>Presentaci\u00f3n de <a title=\"adell\" href=\"http:\/\/ideo.easp.es\/wp-content\/uploads\/2012\/06\/presentacion_jordi_a.pdf\" target=\"_blank\" rel=\"noopener noreferrer\">Jordi Adell<\/a><\/li>\n<li>Presentaci\u00f3n de <a title=\"esteban\" href=\"http:\/\/ideo.easp.es\/wp-content\/uploads\/2012\/06\/presentacion_polisea.pdf\" target=\"_blank\" rel=\"noopener noreferrer\">Esteban Romero<\/a><\/li>\n<li>Presentaci\u00f3n de <a title=\"balhisay\" href=\"http:\/\/ideo.easp.es\/wp-content\/uploads\/2012\/06\/presentacion_balhisay.pdf\" target=\"_blank\" rel=\"noopener noreferrer\">David \u00c1lvarez<\/a><\/li>\n<li>Presentaci\u00f3n de <a title=\"minue\" href=\"http:\/\/ideo.easp.es\/wp-content\/uploads\/2012\/06\/presentacion_sminue.pdf\" target=\"_blank\" rel=\"noopener noreferrer\">Sergio Minu\u00e9<\/a><\/li>\n<li>Presentaci\u00f3n de <a title=\"marianoh\" href=\"http:\/\/ideo.easp.es\/wp-content\/uploads\/2012\/06\/presentacion_marianoh.pdf\" target=\"_blank\" rel=\"noopener noreferrer\">Mariano Hern\u00e1n<\/a><\/li>\n<\/ul>\n<p>Todas las ponencias fueron grabadas en v\u00eddeo y retransmitidas en streaming. A continuaci\u00f3n ten\u00e9is los enlaces a todos los v\u00eddeos:<\/p>\n<ul>\n<li><a title=\"jordi\" href=\"http:\/\/bit.ly\/LHmql5\" target=\"_blank\" rel=\"noopener noreferrer\">Conferencia de Jordi Adell @ Innovacion Docente EASP 2.0<\/a><\/li>\n<li><a title=\"jordi2\" href=\"http:\/\/bit.ly\/Ndh8sJ\" target=\"_blank\" rel=\"noopener noreferrer\">Conversaciones con Jordi Adell @ Innovaci\u00f3n Docente EASP 2.0<\/a><\/li>\n<li><a title=\"esteban\" href=\"http:\/\/bit.ly\/NnozRS\" target=\"_blank\" rel=\"noopener noreferrer\">Esteban Romero @ Innovaci\u00f3n Docente EASP 2.0<\/a><\/li>\n<li><a title=\"sergio\" href=\"http:\/\/bit.ly\/KB6L5W\" target=\"_blank\" rel=\"noopener noreferrer\">Sergio Minue @ Innovaci\u00f3n Docente EASP 2.0<\/a><\/li>\n<li><a title=\"marianoh\" href=\"http:\/\/bit.ly\/KnqzES\" target=\"_blank\" rel=\"noopener noreferrer\">Mariano Hern\u00e1n @ Innovaci\u00f3n Docente EASP 2.0<\/a><\/li>\n<li><a title=\"mesa\" href=\"http:\/\/bit.ly\/MCoSDt\" target=\"_blank\" rel=\"noopener noreferrer\">Sesion comentarios a Mesa Redonda @ Innovaci\u00f3n Docente EASP 2.0<\/a><\/li>\n<li><a title=\"balhisay\" href=\"http:\/\/bit.ly\/LDVOhx\" target=\"_blank\" rel=\"noopener noreferrer\">David Alvarez @ Innovaci\u00f3n Docente EASP 2.0<\/a><\/li>\n<li><a title=\"balhisay2\" href=\"http:\/\/bit.ly\/MHnW4G\" target=\"_blank\" rel=\"noopener noreferrer\">Conversaciones con David Alvarez @ Innovaci\u00f3n Docente EASP 2.0<\/a><\/li>\n<\/ul>\n<p>Por \u00faltimo, decir que la l\u00ednea de colaboraci\u00f3n ente la UGR y el EASP, por medio de los proyectos ideo y GrinUgr, continuar\u00e1 en septiembre con unas sesi\u00f3n conjunta con <a title=\"ccobo\" href=\"http:\/\/ergonomic.wordpress.com\/about\/\" target=\"_blank\" rel=\"noopener noreferrer\">Cristobal Cobo<\/a>, la cual ser\u00e1 anunciada oportunamente en este mismo blog.<\/p>\n<p style=\"text-align: center;\"><img loading=\"lazy\" class=\"aligncenter size-medium wp-image-316\" src=\"https:\/\/www.easp.es\/ideo\/wp-content\/uploads\/2012\/06\/mcolon_jordi_a-300x300.jpg\" alt=\"\" width=\"300\" height=\"300\" srcset=\"https:\/\/www.easp.es\/ideo\/wp-content\/uploads\/2012\/06\/mcolon_jordi_a-300x300.jpg 300w, https:\/\/www.easp.es\/ideo\/wp-content\/uploads\/2012\/06\/mcolon_jordi_a-150x150.jpg 150w, https:\/\/www.easp.es\/ideo\/wp-content\/uploads\/2012\/06\/mcolon_jordi_a.jpg 612w\" sizes=\"(max-width: 300px) 100vw, 300px\" \/><\/p>\n","protected":false},"excerpt":{"rendered":"<p>La semana pasada fue una de esas semanas intensas que cuando pasan respiras y piensas que c\u00f3mo se ha podido reunir en el mismo espacio a personas tan interesantes y de las que tanto se puede aprender. Y ahora toca &hellip; <a href=\"https:\/\/www.easp.es\/ideo\/?p=298\">Sigue leyendo <span class=\"meta-nav\">&rarr;<\/span><\/a><\/p>\n","protected":false},"author":276,"featured_media":0,"comment_status":"open","ping_status":"open","sticky":false,"template":"","format":"standard","meta":{"sfsi_plus_gutenberg_text_before_share":"","sfsi_plus_gutenberg_show_text_before_share":"","sfsi_plus_gutenberg_icon_type":"","sfsi_plus_gutenberg_icon_alignemt":"","sfsi_plus_gutenburg_max_per_row":""},"categories":[27,5],"tags":[29,30,21,31,28,9],"_links":{"self":[{"href":"https:\/\/www.easp.es\/ideo\/index.php?rest_route=\/wp\/v2\/posts\/298"}],"collection":[{"href":"https:\/\/www.easp.es\/ideo\/index.php?rest_route=\/wp\/v2\/posts"}],"about":[{"href":"https:\/\/www.easp.es\/ideo\/index.php?rest_route=\/wp\/v2\/types\/post"}],"author":[{"embeddable":true,"href":"https:\/\/www.easp.es\/ideo\/index.php?rest_route=\/wp\/v2\/users\/276"}],"replies":[{"embeddable":true,"href":"https:\/\/www.easp.es\/ideo\/index.php?rest_route=%2Fwp%2Fv2%2Fcomments&post=298"}],"version-history":[{"count":53,"href":"https:\/\/www.easp.es\/ideo\/index.php?rest_route=\/wp\/v2\/posts\/298\/revisions"}],"predecessor-version":[{"id":1010,"href":"https:\/\/www.easp.es\/ideo\/index.php?rest_route=\/wp\/v2\/posts\/298\/revisions\/1010"}],"wp:attachment":[{"href":"https:\/\/www.easp.es\/ideo\/index.php?rest_route=%2Fwp%2Fv2%2Fmedia&parent=298"}],"wp:term":[{"taxonomy":"category","embeddable":true,"href":"https:\/\/www.easp.es\/ideo\/index.php?rest_route=%2Fwp%2Fv2%2Fcategories&post=298"},{"taxonomy":"post_tag","embeddable":true,"href":"https:\/\/www.easp.es\/ideo\/index.php?rest_route=%2Fwp%2Fv2%2Ftags&post=298"}],"curies":[{"name":"wp","href":"https:\/\/api.w.org\/{rel}","templated":true}]}}