{"id":364,"date":"2012-08-20T09:56:17","date_gmt":"2012-08-20T09:56:17","guid":{"rendered":"http:\/\/ideo.easp.es\/?p=364"},"modified":"2020-12-09T09:59:19","modified_gmt":"2020-12-09T08:59:19","slug":"facebook-para-educadores","status":"publish","type":"post","link":"https:\/\/www.easp.es\/ideo\/?p=364","title":{"rendered":"Facebook para educadores"},"content":{"rendered":"<p><img loading=\"lazy\" class=\"size-medium wp-image-365 alignleft\" src=\"https:\/\/www.easp.es\/ideo\/wp-content\/uploads\/2012\/08\/facebook_educadores-300x237.jpg\" alt=\"\" width=\"300\" height=\"237\" srcset=\"https:\/\/www.easp.es\/ideo\/wp-content\/uploads\/2012\/08\/facebook_educadores-300x237.jpg 300w, https:\/\/www.easp.es\/ideo\/wp-content\/uploads\/2012\/08\/facebook_educadores-379x300.jpg 379w, https:\/\/www.easp.es\/ideo\/wp-content\/uploads\/2012\/08\/facebook_educadores.jpg 507w\" sizes=\"(max-width: 300px) 100vw, 300px\" \/>He encontrado en facebook, en la p\u00e1gina de <a href=\"https:\/\/www.facebook.com\/pages\/Recursos-TIC-para-Profesores-TotemGuard-Educaci%C3%B3n\/195749160449072\" target=\"_blank\" rel=\"noopener noreferrer\">Recursos TIC para Profesores &#8211; TotemGuard Educaci\u00f3n<\/a>,\u00a0 un recurso interesante que espero sea \u00fatil a quien decida utilizar facebook en sus actividades formativas. Se trata de la gu\u00eda en espa\u00f1ol\u00a0 \u00ab<strong>Facebook para educadores<\/strong>\u00bb de los autores Linda Fogg Phillips, Derek Baird, M.A., y Dr. BJ Fogg y que aborda 7 usos de Facebook para los educadores:<\/p>\n<p>1. Ayudar al desarrollo y seguimiento de la pol\u00edtica del centro educativo acerca de Facebook.<br \/>\n2. Animar a los alumnos a seguir las directrices de Facebook.<br \/>\n3. Mantenerse al d\u00eda en lo que se refiere a las configuraciones de seguridad y privacidad en Facebook.<br \/>\n4. Promover la buena ciudadan\u00eda en el mundo digital.<br \/>\n5. Utilizar los grupos y las p\u00e1ginas de Facebook para comunicarse con los alumnos y los padres.<br \/>\n6. Adoptar los estilos de aprendizaje digital, social, m\u00f3vil y \u201csiempre en l\u00ednea\u201d de los estudiantes del siglo XXI.<br \/>\n7. Utilizar Facebook como un recurso para el desarrollo profesional.<\/p>\n<p>Si bien, varios de estos puntos se enfocan a la educaci\u00f3n en la infancia y adolescencia a buen seguro encontraremos informaci\u00f3n relevante que podamos aplicar en el \u00e1mbito de la formaci\u00f3n continuada.<\/p>\n<p>Si quieres descargar la <strong>GU\u00cdA COMPLETA<\/strong> pincha <a title=\"facebook_educadores\" href=\"http:\/\/ideo.easp.es\/wp-content\/uploads\/2012\/08\/Facebook_para_educadores.pdf\" target=\"_blank\" rel=\"noopener noreferrer\">aqu\u00ed<\/a>.<\/p>\n","protected":false},"excerpt":{"rendered":"<p>He encontrado en facebook, en la p\u00e1gina de Recursos TIC para Profesores &#8211; TotemGuard Educaci\u00f3n,\u00a0 un recurso interesante que espero sea \u00fatil a quien decida utilizar facebook en sus actividades formativas. Se trata de la gu\u00eda en espa\u00f1ol\u00a0 \u00abFacebook para &hellip; <a href=\"https:\/\/www.easp.es\/ideo\/?p=364\">Sigue leyendo <span class=\"meta-nav\">&rarr;<\/span><\/a><\/p>\n","protected":false},"author":276,"featured_media":0,"comment_status":"open","ping_status":"open","sticky":false,"template":"","format":"standard","meta":{"sfsi_plus_gutenberg_text_before_share":"","sfsi_plus_gutenberg_show_text_before_share":"","sfsi_plus_gutenberg_icon_type":"","sfsi_plus_gutenberg_icon_alignemt":"","sfsi_plus_gutenburg_max_per_row":""},"categories":[3,4],"tags":[],"_links":{"self":[{"href":"https:\/\/www.easp.es\/ideo\/index.php?rest_route=\/wp\/v2\/posts\/364"}],"collection":[{"href":"https:\/\/www.easp.es\/ideo\/index.php?rest_route=\/wp\/v2\/posts"}],"about":[{"href":"https:\/\/www.easp.es\/ideo\/index.php?rest_route=\/wp\/v2\/types\/post"}],"author":[{"embeddable":true,"href":"https:\/\/www.easp.es\/ideo\/index.php?rest_route=\/wp\/v2\/users\/276"}],"replies":[{"embeddable":true,"href":"https:\/\/www.easp.es\/ideo\/index.php?rest_route=%2Fwp%2Fv2%2Fcomments&post=364"}],"version-history":[{"count":17,"href":"https:\/\/www.easp.es\/ideo\/index.php?rest_route=\/wp\/v2\/posts\/364\/revisions"}],"predecessor-version":[{"id":1008,"href":"https:\/\/www.easp.es\/ideo\/index.php?rest_route=\/wp\/v2\/posts\/364\/revisions\/1008"}],"wp:attachment":[{"href":"https:\/\/www.easp.es\/ideo\/index.php?rest_route=%2Fwp%2Fv2%2Fmedia&parent=364"}],"wp:term":[{"taxonomy":"category","embeddable":true,"href":"https:\/\/www.easp.es\/ideo\/index.php?rest_route=%2Fwp%2Fv2%2Fcategories&post=364"},{"taxonomy":"post_tag","embeddable":true,"href":"https:\/\/www.easp.es\/ideo\/index.php?rest_route=%2Fwp%2Fv2%2Ftags&post=364"}],"curies":[{"name":"wp","href":"https:\/\/api.w.org\/{rel}","templated":true}]}}