{"id":381,"date":"2012-09-03T11:35:24","date_gmt":"2012-09-03T09:35:24","guid":{"rendered":"http:\/\/ideo.easp.es\/?p=381"},"modified":"2020-12-09T09:58:15","modified_gmt":"2020-12-09T08:58:15","slug":"conocimiento-abierto-y-distribuido-en-educacion-superior-una-moda-o-un-nuevo-modelo","status":"publish","type":"post","link":"https:\/\/www.easp.es\/ideo\/?p=381","title":{"rendered":"Conocimiento abierto y distribuido en Educaci\u00f3n Superior \u00bfuna moda o un nuevo modelo?"},"content":{"rendered":"<div><em>Nuestro compa\u00f1ero de la UGR Esteban Romero nos invita asistir a una sesi\u00f3n del GrinUGR que queremos compartir con vosotros. Adem\u00e1s nos env\u00eda unos enlaces de inter\u00e9s para quien no pueda asistir.<\/em><\/p>\n<div>\n<div>\n<div>\n<div align=\"left\">Hoy <strong>lunes 3 de septiembre a las 18:30 horas<\/strong> celebraremos una<strong> reuni\u00f3n del GrinUGR<\/strong> (GrinUGR 13) con Crist\u00f3bal Cobo, investigador del Oxford Internet Institute, con el sugerente t\u00edtulo \u201c<strong>Conocimiento abierto y distribuido en Educaci\u00f3n Superior \u00bfuna moda o un nuevo modelo?<\/strong>\u201c. Le hemos sugerido a Crist\u00f3bal que nos cuente acerca de sus trabajos de investigaci\u00f3n y del Oxford Internet Institute, as\u00ed como que nos presente su visi\u00f3n sobre la universidad que viene. Seg\u00fan el manifiesta, \u201chemos vivido m\u00e1s cambios en la universidad en los \u00faltimos 6 meses que en los \u00faltimos 6 a\u00f1os\u201d. <span style=\"font-family: Arial;\">Para ver la informaci\u00f3n completa (informaci\u00f3n del autor, su libro, art\u00edculos, etc.), visita este enlace: <a title=\"http:\/\/bit.ly\/GrinUGR13\" href=\"http:\/\/bit.ly\/GrinUGR13\" target=\"_blank\" rel=\"noopener noreferrer\">http:\/\/bit.ly\/GrinUGR13<\/a><\/span><br \/>\n&#8212;<br \/>\nAl margen de la sesi\u00f3n del GrinUGR. Ten\u00e9is otras dos sesiones que forman parte del curso Aprendizajes conectados. El <strong>lunes 3 y martes 4 de septiembre de 10 a 13:30<\/strong> continuaremos con la celebraci\u00f3n del curso Aprendizajes Conectados. Esta vez contaremos con la presencia de <strong>Crist\u00f3bal Cobo<\/strong>, investigador del Oxford Internet Institute y coautor del libro <strong>Aprendizaje Invisible<\/strong>. Al margen de los participantes en el curso, si cualquier interesado desea asistir a las sesiones, puede hacerlo libremente. Las sesiones se celebrar\u00e1n en el <strong>Sal\u00f3n de Grados de la Facultad de Ciencias Econ\u00f3micas y Empresariales<\/strong>. <span style=\"font-family: Arial;\">Para ver la informaci\u00f3n completa, visita este enlace: <a title=\"http:\/\/bit.ly\/CCoboUGR\" href=\"http:\/\/bit.ly\/CCoboUGR\" target=\"_blank\" rel=\"noopener noreferrer\">http:\/\/bit.ly\/CCoboUGR<\/a><\/span><\/div>\n<div align=\"left\">\n<div>\n<p>Ap\u00fantate si deseas <span style=\"text-decoration: underline;\"><strong>asistir a las sesi\u00f3n<\/strong><\/span>: <a title=\"http:\/\/bit.ly\/GrinUGR13Ins\" href=\"http:\/\/bit.ly\/GrinUGR13Ins\" target=\"_blank\" rel=\"noopener noreferrer\">http:\/\/bit.ly\/GrinUGR13Ins<\/a> La asistencia es libre.<\/p>\n<p>Tanto para aquellos que os podr\u00e9is acercar el lunes a la sesi\u00f3n de GrinUGR con Crist\u00f3bal Cobo, como a los que no. Os mando un par de enlaces que pueden ser de vuestro inter\u00e9s sobre algunos de los temas que se van a tocar:<\/p>\n<ul>\n<li>Traditional face-to-face higher education will become a privilege of a few (por Crist\u00f3bal Cobo): <a title=\"http:\/\/blogs.oii.ox.ac.uk\/cobo\/?p=559\" href=\"http:\/\/blogs.oii.ox.ac.uk\/cobo\/?p=559\">http:\/\/blogs.oii.ox.ac.uk\/cobo\/?p=559<\/a><\/li>\n<li>Cronolog\u00eda de una \u00bfrevoluci\u00f3n educativa? (por Esteban Romero): <a title=\"http:\/\/estebanromero.com\/2012\/08\/cronologia-de-una-revolucion-educativa\/\" href=\"http:\/\/estebanromero.com\/2012\/08\/cronologia-de-una-revolucion-educativa\/\">http:\/\/estebanromero.com\/2012\/08\/cronologia-de-una-revolucion-educativa\/<\/a><\/li>\n<\/ul>\n<p>Esteban Romero Fr\u00edas<br \/>\n<a title=\"http:\/\/estebanromero.com\/\" href=\"http:\/\/estebanromero.com\/\" target=\"_blank\" rel=\"noopener noreferrer\">http:\/\/estebanromero.com\/<\/a><br \/>\nTwitter: <a title=\"http:\/\/twitter.com\/polisea\" href=\"http:\/\/twitter.com\/polisea\" target=\"_blank\" rel=\"noopener noreferrer\">@polisea<\/a><\/p>\n<\/div>\n<\/div>\n<\/div>\n<\/div>\n<\/div>\n<\/div>\n","protected":false},"excerpt":{"rendered":"<p>Nuestro compa\u00f1ero de la UGR Esteban Romero nos invita asistir a una sesi\u00f3n del GrinUGR que queremos compartir con vosotros. Adem\u00e1s nos env\u00eda unos enlaces de inter\u00e9s para quien no pueda asistir. Hoy lunes 3 de septiembre a las 18:30 &hellip; <a href=\"https:\/\/www.easp.es\/ideo\/?p=381\">Sigue leyendo <span class=\"meta-nav\">&rarr;<\/span><\/a><\/p>\n","protected":false},"author":276,"featured_media":0,"comment_status":"open","ping_status":"open","sticky":false,"template":"","format":"standard","meta":{"sfsi_plus_gutenberg_text_before_share":"","sfsi_plus_gutenberg_show_text_before_share":"","sfsi_plus_gutenberg_icon_type":"","sfsi_plus_gutenberg_icon_alignemt":"","sfsi_plus_gutenburg_max_per_row":""},"categories":[3],"tags":[30],"_links":{"self":[{"href":"https:\/\/www.easp.es\/ideo\/index.php?rest_route=\/wp\/v2\/posts\/381"}],"collection":[{"href":"https:\/\/www.easp.es\/ideo\/index.php?rest_route=\/wp\/v2\/posts"}],"about":[{"href":"https:\/\/www.easp.es\/ideo\/index.php?rest_route=\/wp\/v2\/types\/post"}],"author":[{"embeddable":true,"href":"https:\/\/www.easp.es\/ideo\/index.php?rest_route=\/wp\/v2\/users\/276"}],"replies":[{"embeddable":true,"href":"https:\/\/www.easp.es\/ideo\/index.php?rest_route=%2Fwp%2Fv2%2Fcomments&post=381"}],"version-history":[{"count":3,"href":"https:\/\/www.easp.es\/ideo\/index.php?rest_route=\/wp\/v2\/posts\/381\/revisions"}],"predecessor-version":[{"id":1007,"href":"https:\/\/www.easp.es\/ideo\/index.php?rest_route=\/wp\/v2\/posts\/381\/revisions\/1007"}],"wp:attachment":[{"href":"https:\/\/www.easp.es\/ideo\/index.php?rest_route=%2Fwp%2Fv2%2Fmedia&parent=381"}],"wp:term":[{"taxonomy":"category","embeddable":true,"href":"https:\/\/www.easp.es\/ideo\/index.php?rest_route=%2Fwp%2Fv2%2Fcategories&post=381"},{"taxonomy":"post_tag","embeddable":true,"href":"https:\/\/www.easp.es\/ideo\/index.php?rest_route=%2Fwp%2Fv2%2Ftags&post=381"}],"curies":[{"name":"wp","href":"https:\/\/api.w.org\/{rel}","templated":true}]}}