{"id":523,"date":"2013-01-24T08:16:20","date_gmt":"2013-01-24T08:16:20","guid":{"rendered":"http:\/\/ideo.easp.es\/?p=523"},"modified":"2020-12-09T09:51:09","modified_gmt":"2020-12-09T08:51:09","slug":"sesion-ideo-aspectos-metodologicos-basicos-para-el-diseno-de-actividades-formativas-virtuales","status":"publish","type":"post","link":"https:\/\/www.easp.es\/ideo\/?p=523","title":{"rendered":"Sesi\u00f3n ideo: Aspectos metodol\u00f3gicos b\u00e1sicos para el dise\u00f1o de actividades formativas virtuales"},"content":{"rendered":"<div id=\"attachment_528\" style=\"width: 171px\" class=\"wp-caption alignleft\"><img aria-describedby=\"caption-attachment-528\" loading=\"lazy\" class=\"size-full wp-image-528\" src=\"https:\/\/www.easp.es\/ideo\/wp-content\/uploads\/2013\/01\/margacolon.jpg\" alt=\"Marga Colon\" width=\"161\" height=\"239\" \/><p id=\"caption-attachment-528\" class=\"wp-caption-text\">Marga Colon<\/p><\/div>\n<p>El pasado 22 de enero tuvo lugar la sesi\u00f3n titulada \u00ab<strong>Aspectos metodol\u00f3gicos b\u00e1sicos para el dise\u00f1o de actividades formativas virtuales<\/strong>\u00bb impartida por <strong>Marga Col\u00f3n<\/strong>, profesional de esta instituci\u00f3n, continuando as\u00ed con las sesiones programadas dentro de la planificaci\u00f3n de talleres para la formaci\u00f3n interna de los profesionales de la EASP.<\/p>\n<p>En este taller se trabajaron los aspectos a tener en cuenta por el dise\u00f1ador de una actividad formativa en contextos o entornos virtuales formales de aprendizaje a trav\u00e9s del hilo conductor proporcionado por 5 preguntas clave: el qu\u00e9, el para qu\u00e9, el c\u00f3mo, el cu\u00e1ndo y el con qu\u00e9. Las <b>preguntas<\/b>, al igual que en la investigaci\u00f3n, <b>dirigen las acciones<\/b> concretas que nos llevar\u00e1 a la b\u00fasqueda de la mejor respuesta posible. Cada pregunta se refiere a un objeto concreto de la programaci\u00f3n educativa. De este modo:<\/p>\n<ul>\n<li>Qu\u00e9: <strong>contenidos<\/strong><\/li>\n<li>Para qu\u00e9: <strong>objetivos<\/strong><\/li>\n<li>C\u00f3mo: <strong>enfoque educativo-metodolog\u00eda-actividades<\/strong><\/li>\n<li>Cu\u00e1ndo: <strong>temporalizaci\u00f3n<\/strong> o gesti\u00f3n de los tiempos<\/li>\n<li>Con qu\u00e9: materiales y <strong>recursos did\u00e1cticos<\/strong> y <strong>herramientas<\/strong> de <strong>comunicaci\u00f3n<\/strong><\/li>\n<\/ul>\n<p>El taller, desde el punto de vista de la ense\u00f1anza, pretend\u00eda hacer reflexionar a los participantes sobre la necesidad de programar o dise\u00f1ar una actividad formativa a partir de los objetivos de aprendizaje, as\u00ed como reflexionar acerca del resto de elementos de la programaci\u00f3n, partiendo de los ejemplos concretos y de la experiencia acumulada durante los cursos realizados a trav\u00e9s de los a\u00f1os y sobre las preguntas y reflexiones aportadas por las personas asistentes.<\/p>\n<p>El taller se estructur\u00f3 en dos fases y a continuaci\u00f3n os dejo las presentaciones:<\/p>\n<div style=\"margin-bottom: 5px;\"><strong> <a title=\"Aspectos b\u00e1sicos para el dise\u00f1o de formaci\u00f3n virtual. 1\u00aa parte\" href=\"http:\/\/www.slideshare.net\/margacolon\/aspectos-bsicos-para-el-diseo-de-formacin-virtual-1-parte\" target=\"_blank\" rel=\"noopener noreferrer\">Aspectos b\u00e1sicos para el dise\u00f1o de formaci\u00f3n virtual. 1\u00aa parte<\/a> <\/strong> from <strong><a href=\"http:\/\/www.slideshare.net\/margacolon\" target=\"_blank\" rel=\"noopener noreferrer\">margacolon<\/a><\/strong><\/div>\n<p><strong><a title=\"Aspectos b\u00e1sicos para el dise\u00f1o de formaci\u00f3n virtual. 2\u00aa parte\" href=\"http:\/\/www.slideshare.net\/margacolon\/aspectos-bsicos-para-el-diseo-de-formacin-virtual-2-parte\" target=\"_blank\" rel=\"noopener noreferrer\">Aspectos b\u00e1sicos para el dise\u00f1o de formaci\u00f3n virtual. 2\u00aa parte<\/a> <\/strong> from <strong><a href=\"http:\/\/www.slideshare.net\/margacolon\" target=\"_blank\" rel=\"noopener noreferrer\">margacolon<\/a><\/strong><\/p>\n","protected":false},"excerpt":{"rendered":"<p>El pasado 22 de enero tuvo lugar la sesi\u00f3n titulada \u00abAspectos metodol\u00f3gicos b\u00e1sicos para el dise\u00f1o de actividades formativas virtuales\u00bb impartida por Marga Col\u00f3n, profesional de esta instituci\u00f3n, continuando as\u00ed con las sesiones programadas dentro de la planificaci\u00f3n de talleres &hellip; <a href=\"https:\/\/www.easp.es\/ideo\/?p=523\">Sigue leyendo <span class=\"meta-nav\">&rarr;<\/span><\/a><\/p>\n","protected":false},"author":276,"featured_media":0,"comment_status":"open","ping_status":"open","sticky":false,"template":"","format":"standard","meta":{"sfsi_plus_gutenberg_text_before_share":"","sfsi_plus_gutenberg_show_text_before_share":"","sfsi_plus_gutenberg_icon_type":"","sfsi_plus_gutenberg_icon_alignemt":"","sfsi_plus_gutenburg_max_per_row":""},"categories":[5],"tags":[],"_links":{"self":[{"href":"https:\/\/www.easp.es\/ideo\/index.php?rest_route=\/wp\/v2\/posts\/523"}],"collection":[{"href":"https:\/\/www.easp.es\/ideo\/index.php?rest_route=\/wp\/v2\/posts"}],"about":[{"href":"https:\/\/www.easp.es\/ideo\/index.php?rest_route=\/wp\/v2\/types\/post"}],"author":[{"embeddable":true,"href":"https:\/\/www.easp.es\/ideo\/index.php?rest_route=\/wp\/v2\/users\/276"}],"replies":[{"embeddable":true,"href":"https:\/\/www.easp.es\/ideo\/index.php?rest_route=%2Fwp%2Fv2%2Fcomments&post=523"}],"version-history":[{"count":5,"href":"https:\/\/www.easp.es\/ideo\/index.php?rest_route=\/wp\/v2\/posts\/523\/revisions"}],"predecessor-version":[{"id":1002,"href":"https:\/\/www.easp.es\/ideo\/index.php?rest_route=\/wp\/v2\/posts\/523\/revisions\/1002"}],"wp:attachment":[{"href":"https:\/\/www.easp.es\/ideo\/index.php?rest_route=%2Fwp%2Fv2%2Fmedia&parent=523"}],"wp:term":[{"taxonomy":"category","embeddable":true,"href":"https:\/\/www.easp.es\/ideo\/index.php?rest_route=%2Fwp%2Fv2%2Fcategories&post=523"},{"taxonomy":"post_tag","embeddable":true,"href":"https:\/\/www.easp.es\/ideo\/index.php?rest_route=%2Fwp%2Fv2%2Ftags&post=523"}],"curies":[{"name":"wp","href":"https:\/\/api.w.org\/{rel}","templated":true}]}}