{"id":533,"date":"2013-01-30T10:34:26","date_gmt":"2013-01-30T09:34:26","guid":{"rendered":"http:\/\/ideo.easp.es\/?p=533"},"modified":"2020-12-09T09:50:03","modified_gmt":"2020-12-09T08:50:03","slug":"taller-de-formacion-interna-en-diseno-grafico-basico","status":"publish","type":"post","link":"https:\/\/www.easp.es\/ideo\/?p=533","title":{"rendered":"Taller de Formaci\u00f3n Interna en Dise\u00f1o Gr\u00e1fico B\u00e1sico"},"content":{"rendered":"<p><img loading=\"lazy\" class=\"wp-image-534 alignleft\" src=\"https:\/\/www.easp.es\/ideo\/wp-content\/uploads\/2013\/01\/fotoaula.jpg\" alt=\"\" width=\"253\" height=\"191\" srcset=\"https:\/\/www.easp.es\/ideo\/wp-content\/uploads\/2013\/01\/fotoaula.jpg 600w, https:\/\/www.easp.es\/ideo\/wp-content\/uploads\/2013\/01\/fotoaula-300x225.jpg 300w, https:\/\/www.easp.es\/ideo\/wp-content\/uploads\/2013\/01\/fotoaula-400x300.jpg 400w\" sizes=\"(max-width: 253px) 100vw, 253px\" \/>Casi por accidente he podido asistir a esta sesi\u00f3n, en la que me he sentido bastante c\u00f3modo ayudando a Alfredo Ruiz y al resto de participantes en los peque\u00f1os problemas que han surgido durante las dos horas que ha durado.<\/p>\n<p>Aunque al principio no sab\u00eda muy bien como iba a yo a ayudar, la cosa ha ido bastante bien y tambi\u00e9n me ha servido a mi para aprender algunas cosas.<\/p>\n<p>La sesi\u00f3n de hoy, 29 de enero, era sobre Dise\u00f1o Gr\u00e1fico B\u00e1sico, en la que se ha hablado de formatos de imagen (jpeg, png, psp, etc) y sus diferencias.<\/p>\n<p>Se ha hablado sobre pixeles y colores, tama\u00f1os y resoluciones, cosa que parec\u00eda dif\u00edcil de entender, pero que al final todos han podido modificar, ampliar, reducir, girar, etc.<\/p>\n<p>Se ha usado un software que tenemos aqui, Paint Shop Pro, que todos teneis instalados en vuestros pc&#8217;s.<\/p>\n<p>Estas sesiones sirven. Sirven para que cosas que nos parecen sencillas (a algunos) y que damos por hecho, lleguen a todo el mundo y lo entiendan y puedan usar las herramientas de las que disponemos en la EASP.<\/p>\n<p>Han sido unas 20 personas las que han asistido a la sesi\u00f3n de hoy. Me consta que algunos en el desayuno no ten\u00edan muchas ganas de ir, pero creo que al final han salido bastante contentos.<\/p>\n<p>Esta era la primera sesi\u00f3n, el jueves d\u00eda 31 ser\u00e1 la segunda. Os esperan.<\/p>\n<p>Carlos Serrano Jurado<\/p>\n","protected":false},"excerpt":{"rendered":"<p>Casi por accidente he podido asistir a esta sesi\u00f3n, en la que me he sentido bastante c\u00f3modo ayudando a Alfredo Ruiz y al resto de participantes en los peque\u00f1os problemas que han surgido durante las dos horas que ha durado. &hellip; <a href=\"https:\/\/www.easp.es\/ideo\/?p=533\">Sigue leyendo <span class=\"meta-nav\">&rarr;<\/span><\/a><\/p>\n","protected":false},"author":276,"featured_media":0,"comment_status":"open","ping_status":"open","sticky":false,"template":"","format":"standard","meta":{"sfsi_plus_gutenberg_text_before_share":"","sfsi_plus_gutenberg_show_text_before_share":"","sfsi_plus_gutenberg_icon_type":"","sfsi_plus_gutenberg_icon_alignemt":"","sfsi_plus_gutenburg_max_per_row":""},"categories":[47],"tags":[],"_links":{"self":[{"href":"https:\/\/www.easp.es\/ideo\/index.php?rest_route=\/wp\/v2\/posts\/533"}],"collection":[{"href":"https:\/\/www.easp.es\/ideo\/index.php?rest_route=\/wp\/v2\/posts"}],"about":[{"href":"https:\/\/www.easp.es\/ideo\/index.php?rest_route=\/wp\/v2\/types\/post"}],"author":[{"embeddable":true,"href":"https:\/\/www.easp.es\/ideo\/index.php?rest_route=\/wp\/v2\/users\/276"}],"replies":[{"embeddable":true,"href":"https:\/\/www.easp.es\/ideo\/index.php?rest_route=%2Fwp%2Fv2%2Fcomments&post=533"}],"version-history":[{"count":5,"href":"https:\/\/www.easp.es\/ideo\/index.php?rest_route=\/wp\/v2\/posts\/533\/revisions"}],"predecessor-version":[{"id":1001,"href":"https:\/\/www.easp.es\/ideo\/index.php?rest_route=\/wp\/v2\/posts\/533\/revisions\/1001"}],"wp:attachment":[{"href":"https:\/\/www.easp.es\/ideo\/index.php?rest_route=%2Fwp%2Fv2%2Fmedia&parent=533"}],"wp:term":[{"taxonomy":"category","embeddable":true,"href":"https:\/\/www.easp.es\/ideo\/index.php?rest_route=%2Fwp%2Fv2%2Fcategories&post=533"},{"taxonomy":"post_tag","embeddable":true,"href":"https:\/\/www.easp.es\/ideo\/index.php?rest_route=%2Fwp%2Fv2%2Ftags&post=533"}],"curies":[{"name":"wp","href":"https:\/\/api.w.org\/{rel}","templated":true}]}}