{"id":563,"date":"2013-04-01T13:15:30","date_gmt":"2013-04-01T11:15:30","guid":{"rendered":"http:\/\/ideo.easp.es\/?p=563"},"modified":"2020-12-09T09:47:23","modified_gmt":"2020-12-09T08:47:23","slug":"563","status":"publish","type":"post","link":"https:\/\/www.easp.es\/ideo\/?p=563","title":{"rendered":"A vueltas con los MOOC"},"content":{"rendered":"<p dir=\"ltr\" id=\"internal-source-marker_0.7122003031239829\">\u00a0 <a href=\"http:\/\/ideo.easp.es\/wp-content\/uploads\/2013\/04\/fondo.jpg\"><img loading=\"lazy\" class=\"alignright size-medium wp-image-566\" alt=\"fondo\" src=\"http:\/\/ideo.easp.es\/wp-content\/uploads\/2013\/04\/fondo-300x81.jpg\" width=\"300\" height=\"81\" srcset=\"https:\/\/www.easp.es\/ideo\/wp-content\/uploads\/2013\/04\/fondo-300x81.jpg 300w, https:\/\/www.easp.es\/ideo\/wp-content\/uploads\/2013\/04\/fondo-500x136.jpg 500w, https:\/\/www.easp.es\/ideo\/wp-content\/uploads\/2013\/04\/fondo.jpg 747w\" sizes=\"(max-width: 300px) 100vw, 300px\" \/><\/a>El jueves 21 tuvimos ocasi\u00f3n de compartir ideas entre profesores y profesoras sobre conectivismo, aprendizajes a lo largo de la vida y educaci\u00f3n superior con <a title=\"http:\/\/e-aprendizaje.es\/\" href=\"http:\/\/e-aprendizaje.es\/\" target=\"_blank\" rel=\"noopener noreferrer\">David \u00c1lvarez<\/a> y <a title=\"http:\/\/fernandotrujillo.es\/\" href=\"http:\/\/fernandotrujillo.es\/\" target=\"_blank\" rel=\"noopener noreferrer\">Fernando Trujillo<\/a>, ambos socios de <a title=\"http:\/\/conecta13.com\/\" href=\"http:\/\/conecta13.com\/\" target=\"_blank\" rel=\"noopener noreferrer\">Conecta 13<\/a>.<\/p>\n<p dir=\"ltr\">El por qu\u00e9 de esta reuni\u00f3n hay que buscarlo en dos motivos: un rum-rum cada vez m\u00e1s sonoro sobre los <a title=\"MOOC\" href=\"http:\/\/ideo.easp.es\/?p=550\" target=\"_blank\" rel=\"noopener noreferrer\">MOOC<\/a> (Massive Open Online Course) -necesitamos enfocar bien el tema, conceptualizarlo adecuadamente- y, en segundo lugar, la <a title=\"EASP\" href=\"http:\/\/www.easp.es\/\" target=\"_blank\" rel=\"noopener noreferrer\">EASP<\/a> ha recibido el encargo m\u00e1s o menos expl\u00edcito de la <a title=\"Consejer\u00eda de Salud y Bienestar Social\" href=\"www.juntadeandalucia.es\/salud\" target=\"_blank\" rel=\"noopener noreferrer\">Consejer\u00eda de Salud y Bienestar Social.<\/a><\/p>\n<p dir=\"ltr\">Hablamos b\u00e1sicamente de todo lo relacionado con el Aprendizaje Masivo en L\u00ednea y Abierto y comentamos nuestras experiencias sobre lo virtual. Argumentamos a partir de la experiencia y la ciencia sobre c\u00f3mo las partes deliberativas de nuestros procesos formativos son muy dif\u00edciles de desarrollar en entornos virtuales de aprendizaje ya que la relaci\u00f3n f\u00edsica-personal-emocional-social en el aula o en contextos profesionales permite verificar coherentemente el aprendizaje de actitudes, valores y normas. Se expusieron experiencias exitosas en las que la clave puede ser el contacto entre el alumnado.<\/p>\n<p dir=\"ltr\">Pero tambi\u00e9n vimos que cuando el contenido est\u00e1 muy conectado con la transferencia a contextos laborales, a los alumnos y alumnas les interesa seguir ligados a comunidades virtuales.<\/p>\n<p dir=\"ltr\">Como dijo Fernando Trujillo, somos (la EASP) una organizaci\u00f3n prestigiosa que ahora se caracteriza por lo semi-presencial.<\/p>\n<p dir=\"ltr\">Discutimos sobre la necesidad de afinar en evaluaci\u00f3n de m\u00e9todos innovadores de ense\u00f1anza y aprendizaje y comparar efectos entre modelos de ense\u00f1anza presencial, no presencial o semi-presencial en salud p\u00fablica y gesti\u00f3n sanitaria.<\/p>\n<p dir=\"ltr\">Nuestra clave, como dicen los compa\u00f1eros de Conecta 13, son los grupos de individuos que aprenden en la EASP con las metodolog\u00edas virtuales. El grupo y la gesti\u00f3n del mismo como fuente de acci\u00f3n formativa y evaluadora. Es clave identificar el \u00a0talento interno del grupo y de cada individuo que participa&#8230; detecci\u00f3n y conexi\u00f3n.<\/p>\n<p dir=\"ltr\">Se habl\u00f3 del reto de la apertura de recursos did\u00e1cticos y tambi\u00e9n se explor\u00f3 el significado de los t\u00edtulos, los itinerarios, las chapas (premios) y\u00a0 mochilas de chapas&#8230;<\/p>\n<p dir=\"ltr\">Otro asunto relevante fue la exposici\u00f3n sobre la diferencia entre Curso y MOOC. \u00bfLos MOOC son eventos,son cursos, o son experiencias pedag\u00f3gico-did\u00e1cticas?. Se debati\u00f3 si el objetivo docente de la EASP se alcanza mediante MOOC o mediante cursos.<\/p>\n<p dir=\"ltr\">Necesitamos trabajar sobre ense\u00f1anza para el cambio de actitudes \u00a0y estrategias para ello y&#8230; apertura para digerir que un curso puede ser un evento con las mismas personas que ocupan un campo de f\u00fatbol. Estamos obligados a saber qu\u00e9 ventajas e inconvenientes tiene todo esto para nuestro alumnado y nuestra pr\u00e1ctica.<\/p>\n<p dir=\"ltr\"><a href=\"http:\/\/ideo.easp.es\/wp-content\/uploads\/2013\/04\/fernando.jpg\"><img loading=\"lazy\" class=\"size-medium wp-image-567 alignleft\" alt=\"ideo MOOC\" src=\"http:\/\/ideo.easp.es\/wp-content\/uploads\/2013\/04\/fernando-300x130.jpg\" width=\"300\" height=\"130\" srcset=\"https:\/\/www.easp.es\/ideo\/wp-content\/uploads\/2013\/04\/fernando-300x130.jpg 300w, https:\/\/www.easp.es\/ideo\/wp-content\/uploads\/2013\/04\/fernando-500x217.jpg 500w, https:\/\/www.easp.es\/ideo\/wp-content\/uploads\/2013\/04\/fernando.jpg 605w\" sizes=\"(max-width: 300px) 100vw, 300px\" \/><\/a>Se abri\u00f3 un debate sobre los recursos t\u00e9cnicos, que implicar\u00eda una profunda revisi\u00f3n de las propuestas de cursos abiertos. Los MOOC necesitan de un dise\u00f1o coherente con las necesidades tecnol\u00f3gicas que puedan implicar, b\u00fasqueda de soluciones que no supongan cargar la EASP de \u2018hierro\u2019 (infraestructura tecnol\u00f3gica) que dentro de dos a\u00f1os est\u00e9 desfasado.<\/p>\n<p dir=\"ltr\">Los MOOC exigen diferentes formas de gestionar los aprendizajes respecto a los cursos virtuales o semi-presenciales \u2018tradicionales\u2019, de tutores virtuales a dinamizadores de comunidades, a cazadores de talentos que sean capaces de liderar sus propias comunidades y expandir el \u2018efecto MOOC\u2019<\/p>\n<p dir=\"ltr\">\u00bfTodos los contenidos son aptos para el formato MOOC? Para la adquisici\u00f3n de habilidades instrumentales (como instalar una aplicaci\u00f3n de software o cambiar una sonda) \u00bfmerece la pena organizar un MOOC?, para la reflexi\u00f3n sobre la propia experiencia y la puesta en com\u00fan con tu comunidad \u00bfmerece la pena organizar un MOOC?.<\/p>\n<p dir=\"ltr\">Gran pregunta: \u00bfen los cursos Autoadministrados&#8230;se aprende?. Actitudes MOOC o actitudes de instrucci\u00f3n en l\u00ednea. Son dos mundos que pueden convivir pero no confundirse dentro de una estrategia global hacia las tres tipolog\u00edas de MOOC.<\/p>\n<p dir=\"ltr\">Tenemos que facilitar argumentos a los clientes actuales o potenciales para que comprendan que el MOOC en red no es una visi\u00f3n de arriba a abajo sino horizontal.<\/p>\n<p dir=\"ltr\">Acompa\u00f1ar a muchos precisa redimensionamiento de \u00a0los recursos en la red para facilitar. Esto implica replantearse la financiaci\u00f3n de la instituci\u00f3n.<\/p>\n<p dir=\"ltr\">Un experimento MOOCs- EASP implica: a) Tu MOOC est\u00e1 por definir. b) Nuestros MOOC pueden ser una diversidad de acciones que se representen con diferentes y variables tama\u00f1os de letra seg\u00fan sea m\u00e1s o menos Curso o Abierto o Masivos o En Linea o con la ausencia de ellas como marca de la instituci\u00f3n.<\/p>\n<p dir=\"ltr\"><a href=\"http:\/\/ideo.easp.es\/wp-content\/uploads\/2013\/04\/lateral.jpg\"><img loading=\"lazy\" class=\"size-medium wp-image-568 alignleft\" alt=\"lateral\" src=\"http:\/\/ideo.easp.es\/wp-content\/uploads\/2013\/04\/lateral-300x172.jpg\" width=\"300\" height=\"172\" srcset=\"https:\/\/www.easp.es\/ideo\/wp-content\/uploads\/2013\/04\/lateral-300x172.jpg 300w, https:\/\/www.easp.es\/ideo\/wp-content\/uploads\/2013\/04\/lateral-500x287.jpg 500w, https:\/\/www.easp.es\/ideo\/wp-content\/uploads\/2013\/04\/lateral.jpg 686w\" sizes=\"(max-width: 300px) 100vw, 300px\" \/><\/a>El MOOC tiene fuerza disruptiva y pueden cambiar las instituciones. La EASP en s\u00ed misma es una organizaci\u00f3n adecuada, capacitada y acostumbrada a cambios. Por eso nos interesa seguir construyendo o definiendo nuestros MOOC. Para continuar el camino nos interesa recordar que los MOOC conectivistas precisan red y conocimiento abierto y libre y no tienen vocaci\u00f3n de acreditaci\u00f3n externa.<\/p>\n<p dir=\"ltr\">La EASP debe decir s\u00ed al aprendizaje informal, conectivista, cooperativo, abierto y en l\u00ednea. Decir s\u00ed y definir la estrategia: Dise\u00f1o serio y enfoque investigador.<\/p>\n<p>Ahora nos espera seguir colaborando con Conecta 13 para identificar nuevas preguntas y respuestas sobre la amplia experiencia interna de la EASP, para planificar el futuro inmediato.<\/p>\n<p>P.D. Kaf\u00e9 y MOOC \u00a1buen invento!. Ya os contaremos a los lectores que no estuvisteis en la sesi\u00f3n.<\/p>\n<p>Este post ha sido construido de forma colaborativa por participantes en la sesi\u00f3n i-deo del 21 de marzo de 2013.<\/p>\n","protected":false},"excerpt":{"rendered":"<p>\u00a0 El jueves 21 tuvimos ocasi\u00f3n de compartir ideas entre profesores y profesoras sobre conectivismo, aprendizajes a lo largo de la vida y educaci\u00f3n superior con David \u00c1lvarez y Fernando Trujillo, ambos socios de Conecta 13. El por qu\u00e9 de &hellip; <a href=\"https:\/\/www.easp.es\/ideo\/?p=563\">Sigue leyendo <span class=\"meta-nav\">&rarr;<\/span><\/a><\/p>\n","protected":false},"author":276,"featured_media":0,"comment_status":"open","ping_status":"open","sticky":false,"template":"","format":"standard","meta":{"sfsi_plus_gutenberg_text_before_share":"","sfsi_plus_gutenberg_show_text_before_share":"","sfsi_plus_gutenberg_icon_type":"","sfsi_plus_gutenberg_icon_alignemt":"","sfsi_plus_gutenburg_max_per_row":""},"categories":[5],"tags":[53,49],"_links":{"self":[{"href":"https:\/\/www.easp.es\/ideo\/index.php?rest_route=\/wp\/v2\/posts\/563"}],"collection":[{"href":"https:\/\/www.easp.es\/ideo\/index.php?rest_route=\/wp\/v2\/posts"}],"about":[{"href":"https:\/\/www.easp.es\/ideo\/index.php?rest_route=\/wp\/v2\/types\/post"}],"author":[{"embeddable":true,"href":"https:\/\/www.easp.es\/ideo\/index.php?rest_route=\/wp\/v2\/users\/276"}],"replies":[{"embeddable":true,"href":"https:\/\/www.easp.es\/ideo\/index.php?rest_route=%2Fwp%2Fv2%2Fcomments&post=563"}],"version-history":[{"count":3,"href":"https:\/\/www.easp.es\/ideo\/index.php?rest_route=\/wp\/v2\/posts\/563\/revisions"}],"predecessor-version":[{"id":997,"href":"https:\/\/www.easp.es\/ideo\/index.php?rest_route=\/wp\/v2\/posts\/563\/revisions\/997"}],"wp:attachment":[{"href":"https:\/\/www.easp.es\/ideo\/index.php?rest_route=%2Fwp%2Fv2%2Fmedia&parent=563"}],"wp:term":[{"taxonomy":"category","embeddable":true,"href":"https:\/\/www.easp.es\/ideo\/index.php?rest_route=%2Fwp%2Fv2%2Fcategories&post=563"},{"taxonomy":"post_tag","embeddable":true,"href":"https:\/\/www.easp.es\/ideo\/index.php?rest_route=%2Fwp%2Fv2%2Ftags&post=563"}],"curies":[{"name":"wp","href":"https:\/\/api.w.org\/{rel}","templated":true}]}}