{"id":592,"date":"2013-07-01T11:15:03","date_gmt":"2013-07-01T09:15:03","guid":{"rendered":"http:\/\/ideo.easp.es\/?p=592"},"modified":"2020-12-09T09:47:07","modified_gmt":"2020-12-09T08:47:07","slug":"grinugr-learningweek-julio-2013","status":"publish","type":"post","link":"https:\/\/www.easp.es\/ideo\/?p=592","title":{"rendered":"GrinUGR #LearningWeek Julio 2013"},"content":{"rendered":"<p>Nuestro amigo Esteban Romero nos invita a participar en la #LearningWeek que comenzar\u00e1 ma\u00f1ana. Os animo a participar.<\/p>\n<div>\n<blockquote>\n<div dir=\"ltr\">\n<div>Estimados amigos y amigas de GrinUGR,<\/div>\n<div><\/div>\n<div>Este martes empieza la Learning Week.<\/div>\n<div>Os escribo para aquellos que no hayan tenido tiempo de abrir el programa y les interese alguna de las conferencias de nuestros dos ponentes. Pod\u00e9is consultar toda la informaci\u00f3n en los enlaces. Los textos est\u00e1n preparados para darles difusi\u00f3n en Twitter o en redes, cosa que os agradecemos.<\/div>\n<div><\/div>\n<div>Martes, 2 de julio, Mariano Fern\u00e1ndez Enguita:<\/div>\n<ul>\n<li>Conferencia de Mariano Fern\u00e1ndez Enguita @enguita en @GrinUGR \u201cEducaci\u00f3n, redes y tecnolog\u00eda\u201d #UGR 2\/julio 18:00h\u00a0<a title=\"http:\/\/bit.ly\/enguitaGrin\" href=\"http:\/\/bit.ly\/enguitaGrin\" target=\"_blank\" rel=\"noopener noreferrer\">http:\/\/bit.ly\/enguitaGrin<\/a><\/li>\n<\/ul>\n<div>Mi\u00e9rcoles 3 de julio, Juan Freire:<\/div>\n<ul>\n<li>Conferencia de Juan Freire @jfreire en @GrinUGR \u201cEcosistemas de aprendizaje y tecnolog\u00edas sociales\u201d #UGR 3\/7 18:00h\u00a0<a title=\"http:\/\/bit.ly\/freireGrin\" href=\"http:\/\/bit.ly\/freireGrin\" target=\"_blank\" rel=\"noopener noreferrer\">http:\/\/bit.ly\/freireGrin<\/a><\/li>\n<\/ul>\n<div>Del 2 al 4 de julio, Learning Week completa:<\/div>\n<div>\n<ul>\n<li>#LearningWeek una semana sobre investigaci\u00f3n, aprendizaje y tecnolog\u00eda en la #UGR #LASIspain @GrinUGR (2-4 julio)\u00a0<a title=\"http:\/\/bit.ly\/LASI-Spain\" href=\"http:\/\/bit.ly\/LASI-Spain\" target=\"_blank\" rel=\"noopener noreferrer\">http:\/\/bit.ly\/LASI-Spain<\/a><\/li>\n<\/ul>\n<div><\/div>\n<\/div>\n<div>Un abrazo<\/div>\n<div>\n<div><\/div>\n<p><center><\/center><\/div>\n<div><\/div>\n<p><center><\/center><\/p>\n<div>Esteban<\/div>\n<div><\/div>\n<p>&#8212;<br \/>\nEsteban Romero Fr\u00edas<br \/>\n<a title=\"http:\/\/estebanromero.com\/\" href=\"http:\/\/estebanromero.com\/\" target=\"_blank\" rel=\"noopener noreferrer\">http:\/\/estebanromero.com\/<\/a><br \/>\nTwitter: <a title=\"http:\/\/twitter.com\/polisea\" href=\"http:\/\/twitter.com\/polisea\" target=\"_blank\" rel=\"noopener noreferrer\">@polisea<\/a><\/p>\n<p>Departamento de Econom\u00eda Financiera y Contabilidad<br \/>\nFacultad de Ciencias Econ\u00f3micas y Empresariales<br \/>\nUniversidad de Granada<br \/>\nCampus Universitario de Cartuja, s\/n<br \/>\nC.P. 18071 Granada (Espa\u00f1a)<\/p>\n<p><a title=\"mailto:erf@ugr.es\" href=\"mailto:erf@ugr.es\" target=\"_blank\" rel=\"noopener noreferrer\">erf@ugr.es<\/a><\/p>\n<p>Department of Accounting and Finance<br \/>\nFaculty of Economics and Business Studies<br \/>\nUniversity of Granada (Spain)<br \/>\nC\/ Campus Universitario de Cartuja, s\/n<br \/>\nPostcode 18071<br \/>\nGranada (Spain)<\/p><\/div>\n<\/blockquote>\n<\/div>\n","protected":false},"excerpt":{"rendered":"<p>Nuestro amigo Esteban Romero nos invita a participar en la #LearningWeek que comenzar\u00e1 ma\u00f1ana. Os animo a participar. Estimados amigos y amigas de GrinUGR, Este martes empieza la Learning Week. Os escribo para aquellos que no hayan tenido tiempo de &hellip; <a href=\"https:\/\/www.easp.es\/ideo\/?p=592\">Sigue leyendo <span class=\"meta-nav\">&rarr;<\/span><\/a><\/p>\n","protected":false},"author":276,"featured_media":0,"comment_status":"open","ping_status":"open","sticky":false,"template":"","format":"standard","meta":{"sfsi_plus_gutenberg_text_before_share":"","sfsi_plus_gutenberg_show_text_before_share":"","sfsi_plus_gutenberg_icon_type":"","sfsi_plus_gutenberg_icon_alignemt":"","sfsi_plus_gutenburg_max_per_row":""},"categories":[1],"tags":[55,30],"_links":{"self":[{"href":"https:\/\/www.easp.es\/ideo\/index.php?rest_route=\/wp\/v2\/posts\/592"}],"collection":[{"href":"https:\/\/www.easp.es\/ideo\/index.php?rest_route=\/wp\/v2\/posts"}],"about":[{"href":"https:\/\/www.easp.es\/ideo\/index.php?rest_route=\/wp\/v2\/types\/post"}],"author":[{"embeddable":true,"href":"https:\/\/www.easp.es\/ideo\/index.php?rest_route=\/wp\/v2\/users\/276"}],"replies":[{"embeddable":true,"href":"https:\/\/www.easp.es\/ideo\/index.php?rest_route=%2Fwp%2Fv2%2Fcomments&post=592"}],"version-history":[{"count":2,"href":"https:\/\/www.easp.es\/ideo\/index.php?rest_route=\/wp\/v2\/posts\/592\/revisions"}],"predecessor-version":[{"id":995,"href":"https:\/\/www.easp.es\/ideo\/index.php?rest_route=\/wp\/v2\/posts\/592\/revisions\/995"}],"wp:attachment":[{"href":"https:\/\/www.easp.es\/ideo\/index.php?rest_route=%2Fwp%2Fv2%2Fmedia&parent=592"}],"wp:term":[{"taxonomy":"category","embeddable":true,"href":"https:\/\/www.easp.es\/ideo\/index.php?rest_route=%2Fwp%2Fv2%2Fcategories&post=592"},{"taxonomy":"post_tag","embeddable":true,"href":"https:\/\/www.easp.es\/ideo\/index.php?rest_route=%2Fwp%2Fv2%2Ftags&post=592"}],"curies":[{"name":"wp","href":"https:\/\/api.w.org\/{rel}","templated":true}]}}