{"id":648,"date":"2014-04-08T13:01:17","date_gmt":"2014-04-08T11:01:17","guid":{"rendered":"http:\/\/ideo.easp.es\/?p=648"},"modified":"2020-11-30T09:49:15","modified_gmt":"2020-11-30T08:49:15","slug":"sesion-i-deo-con-juan-manuel-jimenez","status":"publish","type":"post","link":"https:\/\/www.easp.es\/ideo\/?p=648","title":{"rendered":"Sesi\u00f3n i-deo con Juan Manuel Jim\u00e9nez"},"content":{"rendered":"<div>\n<p style=\"text-align: center;\"><a href=\"http:\/\/ideo.easp.es\/wp-content\/uploads\/2014\/06\/nubejuanma.jpg\" target=\"_blank\" rel=\"noopener noreferrer\"><img loading=\"lazy\" class=\"size-medium wp-image-650 aligncenter\" alt=\"nubejuanma\" src=\"http:\/\/ideo.easp.es\/wp-content\/uploads\/2014\/06\/nubejuanma-300x154.jpg\" width=\"300\" height=\"154\" srcset=\"https:\/\/www.easp.es\/ideo\/wp-content\/uploads\/2014\/06\/nubejuanma-300x154.jpg 300w, https:\/\/www.easp.es\/ideo\/wp-content\/uploads\/2014\/06\/nubejuanma-1024x526.jpg 1024w, https:\/\/www.easp.es\/ideo\/wp-content\/uploads\/2014\/06\/nubejuanma-500x257.jpg 500w, https:\/\/www.easp.es\/ideo\/wp-content\/uploads\/2014\/06\/nubejuanma.jpg 1194w\" sizes=\"(max-width: 300px) 100vw, 300px\" \/><\/a><\/p>\n<p style=\"text-align: center;\"><span style=\"font-family: Arial; font-size: small;\">El profesor Juan Manuel Jim\u00e9nez\u00a0 aporta sus reflexiones sobre el tr\u00edo lectura-debate-aprendizaje utilizado en el curso \u00abM\u00e9todos y t\u00e9cnicas de investigaci\u00f3n cualitativa\u00bb.<br \/>\n<\/span><\/p>\n<p style=\"text-align: center;\"><img loading=\"lazy\" class=\"size-medium wp-image-651 aligncenter\" alt=\"juanma1\" src=\"http:\/\/ideo.easp.es\/wp-content\/uploads\/2014\/06\/juanma1-300x224.jpg\" width=\"300\" height=\"224\" srcset=\"https:\/\/www.easp.es\/ideo\/wp-content\/uploads\/2014\/06\/juanma1-300x224.jpg 300w, https:\/\/www.easp.es\/ideo\/wp-content\/uploads\/2014\/06\/juanma1-401x300.jpg 401w, https:\/\/www.easp.es\/ideo\/wp-content\/uploads\/2014\/06\/juanma1.jpg 973w\" sizes=\"(max-width: 300px) 100vw, 300px\" \/><\/p>\n<\/div>\n","protected":false},"excerpt":{"rendered":"<p>El profesor Juan Manuel Jim\u00e9nez\u00a0 aporta sus reflexiones sobre el tr\u00edo lectura-debate-aprendizaje utilizado en el curso \u00abM\u00e9todos y t\u00e9cnicas de investigaci\u00f3n cualitativa\u00bb.<\/p>\n","protected":false},"author":276,"featured_media":0,"comment_status":"open","ping_status":"open","sticky":false,"template":"","format":"standard","meta":{"sfsi_plus_gutenberg_text_before_share":"","sfsi_plus_gutenberg_show_text_before_share":"","sfsi_plus_gutenberg_icon_type":"","sfsi_plus_gutenberg_icon_alignemt":"","sfsi_plus_gutenburg_max_per_row":""},"categories":[5],"tags":[65,62,64,63],"_links":{"self":[{"href":"https:\/\/www.easp.es\/ideo\/index.php?rest_route=\/wp\/v2\/posts\/648"}],"collection":[{"href":"https:\/\/www.easp.es\/ideo\/index.php?rest_route=\/wp\/v2\/posts"}],"about":[{"href":"https:\/\/www.easp.es\/ideo\/index.php?rest_route=\/wp\/v2\/types\/post"}],"author":[{"embeddable":true,"href":"https:\/\/www.easp.es\/ideo\/index.php?rest_route=\/wp\/v2\/users\/276"}],"replies":[{"embeddable":true,"href":"https:\/\/www.easp.es\/ideo\/index.php?rest_route=%2Fwp%2Fv2%2Fcomments&post=648"}],"version-history":[{"count":4,"href":"https:\/\/www.easp.es\/ideo\/index.php?rest_route=\/wp\/v2\/posts\/648\/revisions"}],"predecessor-version":[{"id":988,"href":"https:\/\/www.easp.es\/ideo\/index.php?rest_route=\/wp\/v2\/posts\/648\/revisions\/988"}],"wp:attachment":[{"href":"https:\/\/www.easp.es\/ideo\/index.php?rest_route=%2Fwp%2Fv2%2Fmedia&parent=648"}],"wp:term":[{"taxonomy":"category","embeddable":true,"href":"https:\/\/www.easp.es\/ideo\/index.php?rest_route=%2Fwp%2Fv2%2Fcategories&post=648"},{"taxonomy":"post_tag","embeddable":true,"href":"https:\/\/www.easp.es\/ideo\/index.php?rest_route=%2Fwp%2Fv2%2Ftags&post=648"}],"curies":[{"name":"wp","href":"https:\/\/api.w.org\/{rel}","templated":true}]}}