{"id":668,"date":"2014-04-22T12:15:52","date_gmt":"2014-04-22T10:15:52","guid":{"rendered":"http:\/\/ideo.easp.es\/?p=668"},"modified":"2020-11-30T09:48:55","modified_gmt":"2020-11-30T08:48:55","slug":"leer-con-los-hijos-leer-con-los-alumnos-leer-con-las-hijas-leer-con-las-alumnas","status":"publish","type":"post","link":"https:\/\/www.easp.es\/ideo\/?p=668","title":{"rendered":"Leer con los hijos, leer con los alumnos, leer con las hijas, leer con las alumnas."},"content":{"rendered":"<p>El pasado d\u00eda 22 de abril tuvo lugar una Sesi\u00f3n Ideo dentro de las actividades organizadas para el D\u00eda del Libro , en colaboraci\u00f3n con la Unidad Publicaciones de la Escuela. \u00a0Los docentes invitados fueron Juan Mata y Andrea Villarubia, docentes y fundadores de la Asociaci\u00f3n Entrelibros. Juan y Andrea nos contaron su experiencia de la lectura en voz alta a ni\u00f1os hospitalizados y presas de la c\u00e1rcel de Granada. Esta experiencia, avalada por investigaciones de car\u00e1cter cient\u00edfico, defiende que la palabra le\u00edda en voz alta propicia un ambiente de bienestar psicol\u00f3gico y, sobre todo, favorece un desarrollo feliz de la infancia. La combinaci\u00f3n libro-presencia-palabra da lugar tambi\u00e9n una mejor comunicaci\u00f3n entre padres, madres e hijos, hijas.<\/p>\n<p>Durante la sesi\u00f3n de este d\u00eda los docentes invitados leyeron un relato breve a todos los presentes al final del cual invitaron al intercambio de opiniones lo que provoc\u00f3 una participaci\u00f3n amplia y muy interesante de los y las presentes. Adem\u00e1s se dedic\u00f3 un apartado de la sesi\u00f3n a la lectura de un cuento infantil acompa\u00f1ado con testimonios escritos y dibujados de ni\u00f1os y ni\u00f1as hospitalizados a los que se les hab\u00eda le\u00eddo el mismo libro.<\/p>\n<p>En definitiva se lleg\u00f3 a la conclusi\u00f3n de que la lectura acompa\u00f1ada en voz alta puede ser un activo en salud y mejora el estado psicosocial tanto de ni\u00f1os como de adultos.<\/p>\n<p>Giulia Fern\u00e1ndez Avagliano<\/p>\n","protected":false},"excerpt":{"rendered":"<p>El pasado d\u00eda 22 de abril tuvo lugar una Sesi\u00f3n Ideo dentro de las actividades organizadas para el D\u00eda del Libro , en colaboraci\u00f3n con la Unidad Publicaciones de la Escuela. \u00a0Los docentes invitados fueron Juan Mata y Andrea Villarubia, &hellip; <a href=\"https:\/\/www.easp.es\/ideo\/?p=668\">Sigue leyendo <span class=\"meta-nav\">&rarr;<\/span><\/a><\/p>\n","protected":false},"author":276,"featured_media":0,"comment_status":"open","ping_status":"open","sticky":false,"template":"","format":"standard","meta":{"sfsi_plus_gutenberg_text_before_share":"","sfsi_plus_gutenberg_show_text_before_share":"","sfsi_plus_gutenberg_icon_type":"","sfsi_plus_gutenberg_icon_alignemt":"","sfsi_plus_gutenburg_max_per_row":""},"categories":[5],"tags":[],"_links":{"self":[{"href":"https:\/\/www.easp.es\/ideo\/index.php?rest_route=\/wp\/v2\/posts\/668"}],"collection":[{"href":"https:\/\/www.easp.es\/ideo\/index.php?rest_route=\/wp\/v2\/posts"}],"about":[{"href":"https:\/\/www.easp.es\/ideo\/index.php?rest_route=\/wp\/v2\/types\/post"}],"author":[{"embeddable":true,"href":"https:\/\/www.easp.es\/ideo\/index.php?rest_route=\/wp\/v2\/users\/276"}],"replies":[{"embeddable":true,"href":"https:\/\/www.easp.es\/ideo\/index.php?rest_route=%2Fwp%2Fv2%2Fcomments&post=668"}],"version-history":[{"count":1,"href":"https:\/\/www.easp.es\/ideo\/index.php?rest_route=\/wp\/v2\/posts\/668\/revisions"}],"predecessor-version":[{"id":669,"href":"https:\/\/www.easp.es\/ideo\/index.php?rest_route=\/wp\/v2\/posts\/668\/revisions\/669"}],"wp:attachment":[{"href":"https:\/\/www.easp.es\/ideo\/index.php?rest_route=%2Fwp%2Fv2%2Fmedia&parent=668"}],"wp:term":[{"taxonomy":"category","embeddable":true,"href":"https:\/\/www.easp.es\/ideo\/index.php?rest_route=%2Fwp%2Fv2%2Fcategories&post=668"},{"taxonomy":"post_tag","embeddable":true,"href":"https:\/\/www.easp.es\/ideo\/index.php?rest_route=%2Fwp%2Fv2%2Ftags&post=668"}],"curies":[{"name":"wp","href":"https:\/\/api.w.org\/{rel}","templated":true}]}}