{"id":690,"date":"2014-09-23T13:09:31","date_gmt":"2014-09-23T11:09:31","guid":{"rendered":"http:\/\/ideo.easp.es\/?p=690"},"modified":"2020-11-30T09:43:54","modified_gmt":"2020-11-30T08:43:54","slug":"sesion-i-deo-30-de-septiembre","status":"publish","type":"post","link":"https:\/\/www.easp.es\/ideo\/?p=690","title":{"rendered":"Sesi\u00f3n i-deo 30 de septiembre"},"content":{"rendered":"<p>El\u00a0pr\u00f3ximo martes d\u00eda 30 de septiembre a las 12 de la ma\u00f1ana en el aula 1, se desarrollar\u00e1 una sesi\u00f3n i-deo de innovaci\u00f3n docente en la Escuela Andaluza de Salud P\u00fablica.<\/p>\n<p>Estar\u00e1 con nosotros \u00a0<a title=\"JA\" href=\"http:\/\/elbonia.cent.uji.es\/jordi\/\" target=\"_blank\" rel=\"noopener noreferrer\">Jordi Adell<\/a>, director del Centro de Educaci\u00f3n y Nuevas Tecnolog\u00edas de la\u00a0<a title=\"UJI\" href=\"http:\/\/ujiapps.uji.es\/\" target=\"_blank\" rel=\"noopener noreferrer\">Universidad Jaime I<\/a> de Castell\u00f3n. En la sesi\u00f3n van a tratarse asuntos como la educaci\u00f3n, los entornos de aprendizaje y el aprendizaje masivo.\u00a0 <a title=\"Blog: El gerente de mediado\" href=\"http:\/\/gerentedemediado.blogspot.com.es\/\" target=\"_blank\" rel=\"noopener noreferrer\">Sergio Minu\u00e9<\/a> (<a title=\"EASP\" href=\"http:\/\/www.easp.es\" target=\"_blank\" rel=\"noopener noreferrer\">EASP<\/a>) y <a title=\"Esteban Romero\" href=\"http:\/\/estebanromero.com\/\" target=\"_blank\" rel=\"noopener noreferrer\">Esteban Romero<\/a> (<a title=\"GRIN UGR\" href=\"http:\/\/grinugr.org\/\" target=\"_blank\" rel=\"noopener noreferrer\">GRIN-UGR<\/a>) intercambiaran su visi\u00f3n sobre los nuevos retos de la formaci\u00f3n y la innovaci\u00f3n educativa con Jordi y con las personas que participen.<\/p>\n<p>Est\u00e1is invitados e invitadas. Solo ten\u00e9is que confirmar vuestra asistencia escribiendo a <a title=\"correo\" href=\"mailto:alfredo.ruiz.easp@juntadeandalucia.es\" target=\"_blank\" rel=\"noopener noreferrer\">alfredo.ruiz.easp@juntadeandalucia.es<\/a><\/p>\n<p>Saludos,<\/p>\n<p>El equipo i-deo<\/p>\n","protected":false},"excerpt":{"rendered":"<p>El\u00a0pr\u00f3ximo martes d\u00eda 30 de septiembre a las 12 de la ma\u00f1ana en el aula 1, se desarrollar\u00e1 una sesi\u00f3n i-deo de innovaci\u00f3n docente en la Escuela Andaluza de Salud P\u00fablica. Estar\u00e1 con nosotros \u00a0Jordi Adell, director del Centro de &hellip; <a href=\"https:\/\/www.easp.es\/ideo\/?p=690\">Sigue leyendo <span class=\"meta-nav\">&rarr;<\/span><\/a><\/p>\n","protected":false},"author":276,"featured_media":0,"comment_status":"open","ping_status":"open","sticky":false,"template":"","format":"standard","meta":{"sfsi_plus_gutenberg_text_before_share":"","sfsi_plus_gutenberg_show_text_before_share":"","sfsi_plus_gutenberg_icon_type":"","sfsi_plus_gutenberg_icon_alignemt":"","sfsi_plus_gutenburg_max_per_row":""},"categories":[3],"tags":[],"_links":{"self":[{"href":"https:\/\/www.easp.es\/ideo\/index.php?rest_route=\/wp\/v2\/posts\/690"}],"collection":[{"href":"https:\/\/www.easp.es\/ideo\/index.php?rest_route=\/wp\/v2\/posts"}],"about":[{"href":"https:\/\/www.easp.es\/ideo\/index.php?rest_route=\/wp\/v2\/types\/post"}],"author":[{"embeddable":true,"href":"https:\/\/www.easp.es\/ideo\/index.php?rest_route=\/wp\/v2\/users\/276"}],"replies":[{"embeddable":true,"href":"https:\/\/www.easp.es\/ideo\/index.php?rest_route=%2Fwp%2Fv2%2Fcomments&post=690"}],"version-history":[{"count":4,"href":"https:\/\/www.easp.es\/ideo\/index.php?rest_route=\/wp\/v2\/posts\/690\/revisions"}],"predecessor-version":[{"id":984,"href":"https:\/\/www.easp.es\/ideo\/index.php?rest_route=\/wp\/v2\/posts\/690\/revisions\/984"}],"wp:attachment":[{"href":"https:\/\/www.easp.es\/ideo\/index.php?rest_route=%2Fwp%2Fv2%2Fmedia&parent=690"}],"wp:term":[{"taxonomy":"category","embeddable":true,"href":"https:\/\/www.easp.es\/ideo\/index.php?rest_route=%2Fwp%2Fv2%2Fcategories&post=690"},{"taxonomy":"post_tag","embeddable":true,"href":"https:\/\/www.easp.es\/ideo\/index.php?rest_route=%2Fwp%2Fv2%2Ftags&post=690"}],"curies":[{"name":"wp","href":"https:\/\/api.w.org\/{rel}","templated":true}]}}