{"id":699,"date":"2014-10-23T15:01:20","date_gmt":"2014-10-23T13:01:20","guid":{"rendered":"http:\/\/ideo.easp.es\/?p=699"},"modified":"2020-11-30T09:42:09","modified_gmt":"2020-11-30T08:42:09","slug":"educacion-entornos-de-aprendizaje-y-aprendizaje-masivo","status":"publish","type":"post","link":"https:\/\/www.easp.es\/ideo\/?p=699","title":{"rendered":"Educaci\u00f3n, Entornos de Aprendizaje y Aprendizaje Masivo"},"content":{"rendered":"<p><a title=\"Jordi Adell\" href=\"http:\/\/elbonia.cent.uji.es\/jordi\/\" target=\"_blank\" rel=\"noopener noreferrer\">Jordi Adell<\/a>&nbsp; convierte la palabra pedagogo en un concepto repleto de buenas ideas y compromisos con la educaci\u00f3n y a lo largo de la vida. A las personas que trabajamos en docencia, el profesor Adell nos facilita la comprensi\u00f3n del marco conceptual, sin huir de la profundidad pero con un profundo y \u00fatil sentido de la did\u00e1ctica. Sabe ense\u00f1ar y nos regala pistas para repensar nuestro oficio. El oficio de profesor.<\/p>\n<p>Educar no equivale a domar, adiestrar o domesticar, <a title=\"Ferrer i Guardia\" href=\"http:\/\/es.wikipedia.org\/wiki\/Francisco_Ferrer_Guardia\" target=\"_blank\" rel=\"noopener noreferrer\">Ferrer i Guardia<\/a>.<br \/>\nSe aprende al reflexionar sobre la acci\u00f3n,nos dijo Jordi, con sus citas de <a title=\"John Dewey\" href=\"http:\/\/es.wikipedia.org\/wiki\/John_Dewey\" target=\"_blank\" rel=\"noopener noreferrer\">John Dewey<\/a> que son una bocanada de aire, \u00a1aire fresco para la educaci\u00f3n!.<\/p>\n<p>Este pedagogo \u00aba mucha honra\u00bb entra en nuestro <a title=\"PLE\" href=\"https:\/\/mooc.educalab.es\/course\/entornos-personales-de-aprendizaje-ple-para-el-des\/\" target=\"_blank\" rel=\"noopener noreferrer\">PLE<\/a> y lo remoza, lo revuelve y lo convoca para la senda del sentido com\u00fan, y el rigor de verdad, el que genera investigaci\u00f3n, acci\u00f3n y participaci\u00f3n para aprender&#8230;<\/p>\n<p>Aqu\u00ed lo ten\u00e9is en plena tarea, con sus colegas David \u00c1lvarez y Esteban Romero<\/p>\n<p><iframe loading=\"lazy\" width=\"560\" height=\"315\" src=\"https:\/\/www.youtube.com\/embed\/XQjROVev9f4\" frameborder=\"0\" allow=\"accelerometer; autoplay; clipboard-write; encrypted-media; gyroscope; picture-in-picture\" allowfullscreen=\"\"><\/iframe><\/p>\n","protected":false},"excerpt":{"rendered":"<p>Jordi Adell&nbsp; convierte la palabra pedagogo en un concepto repleto de buenas ideas y compromisos con la educaci\u00f3n y a lo largo de la vida. A las personas que trabajamos en docencia, el profesor Adell nos facilita la comprensi\u00f3n del &hellip; <a href=\"https:\/\/www.easp.es\/ideo\/?p=699\">Sigue leyendo <span class=\"meta-nav\">&rarr;<\/span><\/a><\/p>\n","protected":false},"author":276,"featured_media":0,"comment_status":"open","ping_status":"open","sticky":false,"template":"","format":"standard","meta":{"sfsi_plus_gutenberg_text_before_share":"","sfsi_plus_gutenberg_show_text_before_share":"","sfsi_plus_gutenberg_icon_type":"","sfsi_plus_gutenberg_icon_alignemt":"","sfsi_plus_gutenburg_max_per_row":""},"categories":[5],"tags":[],"_links":{"self":[{"href":"https:\/\/www.easp.es\/ideo\/index.php?rest_route=\/wp\/v2\/posts\/699"}],"collection":[{"href":"https:\/\/www.easp.es\/ideo\/index.php?rest_route=\/wp\/v2\/posts"}],"about":[{"href":"https:\/\/www.easp.es\/ideo\/index.php?rest_route=\/wp\/v2\/types\/post"}],"author":[{"embeddable":true,"href":"https:\/\/www.easp.es\/ideo\/index.php?rest_route=\/wp\/v2\/users\/276"}],"replies":[{"embeddable":true,"href":"https:\/\/www.easp.es\/ideo\/index.php?rest_route=%2Fwp%2Fv2%2Fcomments&post=699"}],"version-history":[{"count":11,"href":"https:\/\/www.easp.es\/ideo\/index.php?rest_route=\/wp\/v2\/posts\/699\/revisions"}],"predecessor-version":[{"id":982,"href":"https:\/\/www.easp.es\/ideo\/index.php?rest_route=\/wp\/v2\/posts\/699\/revisions\/982"}],"wp:attachment":[{"href":"https:\/\/www.easp.es\/ideo\/index.php?rest_route=%2Fwp%2Fv2%2Fmedia&parent=699"}],"wp:term":[{"taxonomy":"category","embeddable":true,"href":"https:\/\/www.easp.es\/ideo\/index.php?rest_route=%2Fwp%2Fv2%2Fcategories&post=699"},{"taxonomy":"post_tag","embeddable":true,"href":"https:\/\/www.easp.es\/ideo\/index.php?rest_route=%2Fwp%2Fv2%2Ftags&post=699"}],"curies":[{"name":"wp","href":"https:\/\/api.w.org\/{rel}","templated":true}]}}