{"id":715,"date":"2015-01-26T08:57:39","date_gmt":"2015-01-26T07:57:39","guid":{"rendered":"http:\/\/ideo.easp.es\/?p=715"},"modified":"2020-11-30T09:43:23","modified_gmt":"2020-11-30T08:43:23","slug":"el-proceso-de-aprendizaje-desde-mi-biografia","status":"publish","type":"post","link":"https:\/\/www.easp.es\/ideo\/?p=715","title":{"rendered":"El proceso de aprendizaje desde mi biograf\u00eda"},"content":{"rendered":"<p>Se trata de un relato de las etapas de ense\u00f1anza-aprendizaje desde la perspectiva de quien lo escribe, m\u00e1s emocional que racional y que estan imbrincados en mi propia biograf\u00eda<\/p>\n<p>Estos d\u00edas haciendo memoria he tratado de poner en orden cronol\u00f3gico mis recuerdos, aquellos que tienen que ver con c\u00f3mo he ido aprendiendo en la vida y es lo que quiero compartir con las personas asistentes.<\/p>\n<p><iframe loading=\"lazy\" src=\"https:\/\/www.youtube.com\/embed\/sLoYFweFneA\" width=\"560\" height=\"315\" frameborder=\"0\" allowfullscreen=\"allowfullscreen\"><\/iframe><\/p>\n<p>Maru Garc\u00eda Cubillo<\/p>\n<p>Actualizaci\u00f3n:<br \/>\nUna vez realizada la sesi\u00f3n, actualizamos este post con <a title=\"Texto sesi\u00f3n\" href=\"http:\/\/ideo.easp.es\/wp-content\/uploads\/2015\/02\/ideo27enero.pdf\" target=\"_blank\" rel=\"noopener noreferrer\"><strong><span style=\"text-decoration: underline;\">el texto<\/span><\/strong><\/a> de la misma cedido por Maru Garc\u00eda Cubillo y algunas fotos del evento.<\/p>\n<table>\n<tbody>\n<tr>\n<td><img loading=\"lazy\" class=\"alignleft size-medium wp-image-733\" src=\"http:\/\/ideo.easp.es\/wp-content\/uploads\/2015\/02\/Dsc01396-300x225.jpg\" alt=\"Dsc01396\" width=\"300\" height=\"225\" srcset=\"https:\/\/www.easp.es\/ideo\/wp-content\/uploads\/2015\/02\/Dsc01396-300x225.jpg 300w, https:\/\/www.easp.es\/ideo\/wp-content\/uploads\/2015\/02\/Dsc01396-400x300.jpg 400w, https:\/\/www.easp.es\/ideo\/wp-content\/uploads\/2015\/02\/Dsc01396.jpg 640w\" sizes=\"(max-width: 300px) 100vw, 300px\" \/><\/td>\n<td><img loading=\"lazy\" class=\"alignright size-medium wp-image-731\" src=\"http:\/\/ideo.easp.es\/wp-content\/uploads\/2015\/02\/Dsc01397-300x225.jpg\" alt=\"Dsc01397\" width=\"300\" height=\"225\" srcset=\"https:\/\/www.easp.es\/ideo\/wp-content\/uploads\/2015\/02\/Dsc01397-300x225.jpg 300w, https:\/\/www.easp.es\/ideo\/wp-content\/uploads\/2015\/02\/Dsc01397-400x300.jpg 400w, https:\/\/www.easp.es\/ideo\/wp-content\/uploads\/2015\/02\/Dsc01397.jpg 640w\" sizes=\"(max-width: 300px) 100vw, 300px\" \/><\/td>\n<\/tr>\n<\/tbody>\n<\/table>\n","protected":false},"excerpt":{"rendered":"<p>Se trata de un relato de las etapas de ense\u00f1anza-aprendizaje desde la perspectiva de quien lo escribe, m\u00e1s emocional que racional y que estan imbrincados en mi propia biograf\u00eda Estos d\u00edas haciendo memoria he tratado de poner en orden cronol\u00f3gico &hellip; <a href=\"https:\/\/www.easp.es\/ideo\/?p=715\">Sigue leyendo <span class=\"meta-nav\">&rarr;<\/span><\/a><\/p>\n","protected":false},"author":276,"featured_media":0,"comment_status":"open","ping_status":"open","sticky":false,"template":"","format":"standard","meta":{"sfsi_plus_gutenberg_text_before_share":"","sfsi_plus_gutenberg_show_text_before_share":"","sfsi_plus_gutenberg_icon_type":"","sfsi_plus_gutenberg_icon_alignemt":"","sfsi_plus_gutenburg_max_per_row":""},"categories":[5],"tags":[],"_links":{"self":[{"href":"https:\/\/www.easp.es\/ideo\/index.php?rest_route=\/wp\/v2\/posts\/715"}],"collection":[{"href":"https:\/\/www.easp.es\/ideo\/index.php?rest_route=\/wp\/v2\/posts"}],"about":[{"href":"https:\/\/www.easp.es\/ideo\/index.php?rest_route=\/wp\/v2\/types\/post"}],"author":[{"embeddable":true,"href":"https:\/\/www.easp.es\/ideo\/index.php?rest_route=\/wp\/v2\/users\/276"}],"replies":[{"embeddable":true,"href":"https:\/\/www.easp.es\/ideo\/index.php?rest_route=%2Fwp%2Fv2%2Fcomments&post=715"}],"version-history":[{"count":15,"href":"https:\/\/www.easp.es\/ideo\/index.php?rest_route=\/wp\/v2\/posts\/715\/revisions"}],"predecessor-version":[{"id":983,"href":"https:\/\/www.easp.es\/ideo\/index.php?rest_route=\/wp\/v2\/posts\/715\/revisions\/983"}],"wp:attachment":[{"href":"https:\/\/www.easp.es\/ideo\/index.php?rest_route=%2Fwp%2Fv2%2Fmedia&parent=715"}],"wp:term":[{"taxonomy":"category","embeddable":true,"href":"https:\/\/www.easp.es\/ideo\/index.php?rest_route=%2Fwp%2Fv2%2Fcategories&post=715"},{"taxonomy":"post_tag","embeddable":true,"href":"https:\/\/www.easp.es\/ideo\/index.php?rest_route=%2Fwp%2Fv2%2Ftags&post=715"}],"curies":[{"name":"wp","href":"https:\/\/api.w.org\/{rel}","templated":true}]}}