{"id":748,"date":"2015-03-06T11:57:10","date_gmt":"2015-03-06T10:57:10","guid":{"rendered":"http:\/\/ideo.easp.es\/?p=748"},"modified":"2020-11-30T09:29:55","modified_gmt":"2020-11-30T08:29:55","slug":"sesion-i-deo-presentando-un-mooc-conectivista-easpmooc13","status":"publish","type":"post","link":"https:\/\/www.easp.es\/ideo\/?p=748","title":{"rendered":"Sesi\u00f3n i-deo. Presentando un MOOC Conectivista:  #EASPMOOC13"},"content":{"rendered":"<p>El pr\u00f3ximo martes dia 10 de marzo IDEO se viste de MOOC. Vamos a compartir la experiencia de aprendizaje de #EASPMOOC13. Si quieres saber c\u00f3mo se convirti\u00f3 en MOOC conectivista el curso de Innovaci\u00f3n en formaci\u00f3n continua y herramientas 2.0, lo presentaremos y debatiremos con ustedes David Alvarez, Eva P\u00e1ez, David G\u00f3mez, Clara Cobos, Belen Rojas, Alfredo Ruiz, Jos\u00e9 Luis Mart\u00edn, Manuel Rodr\u00edguez y Mariano Hern\u00e1n.<\/p>\n<p>En el siguiente video tienes una breve presentaci\u00f3n de Mariano Hern\u00e1n y David \u00c1lvarez:<\/p>\n<p><iframe loading=\"lazy\" width=\"560\" height=\"315\" src=\"https:\/\/www.youtube.com\/embed\/7SL2gtK7710\" frameborder=\"0\" allow=\"accelerometer; autoplay; clipboard-write; encrypted-media; gyroscope; picture-in-picture\" allowfullscreen=\"\"><\/iframe><\/p>\n<p>Actualizaci\u00f3n:<\/p>\n<p>La sesi\u00f3n result\u00f3 muy participativa y cont\u00f3 con una gran asistencia. Muchas gracias a todas las personas que hab\u00e9is colaborado en esta sesi\u00f3n. Aqu\u00ed os dejamos la presentaci\u00f3n de Mariano Hern\u00e1n y David \u00c1lvarez.<\/p>\n<p>Saludos.<\/p>\n<p><a href=\"http:\/\/ideo.easp.es\/?attachment_id=754\" rel=\"attachment wp-att-754\">Presentaci\u00f3n ideo EASPMOOC13<\/a><\/p>\n<p><img loading=\"lazy\" class=\"alignleft size-medium wp-image-755\" src=\"http:\/\/ideo.easp.es\/wp-content\/uploads\/2015\/03\/foto1-225x300.png\" alt=\"easpmooc13\" width=\"225\" height=\"300\" srcset=\"https:\/\/www.easp.es\/ideo\/wp-content\/uploads\/2015\/03\/foto1-225x300.png 225w, https:\/\/www.easp.es\/ideo\/wp-content\/uploads\/2015\/03\/foto1-768x1024.png 768w, https:\/\/www.easp.es\/ideo\/wp-content\/uploads\/2015\/03\/foto1.png 1944w\" sizes=\"(max-width: 225px) 100vw, 225px\" \/><\/p>\n","protected":false},"excerpt":{"rendered":"<p>El pr\u00f3ximo martes dia 10 de marzo IDEO se viste de MOOC. Vamos a compartir la experiencia de aprendizaje de #EASPMOOC13. Si quieres saber c\u00f3mo se convirti\u00f3 en MOOC conectivista el curso de Innovaci\u00f3n en formaci\u00f3n continua y herramientas 2.0, &hellip; <a href=\"https:\/\/www.easp.es\/ideo\/?p=748\">Sigue leyendo <span class=\"meta-nav\">&rarr;<\/span><\/a><\/p>\n","protected":false},"author":276,"featured_media":0,"comment_status":"open","ping_status":"open","sticky":false,"template":"","format":"standard","meta":{"sfsi_plus_gutenberg_text_before_share":"","sfsi_plus_gutenberg_show_text_before_share":"","sfsi_plus_gutenberg_icon_type":"","sfsi_plus_gutenberg_icon_alignemt":"","sfsi_plus_gutenburg_max_per_row":""},"categories":[5],"tags":[],"_links":{"self":[{"href":"https:\/\/www.easp.es\/ideo\/index.php?rest_route=\/wp\/v2\/posts\/748"}],"collection":[{"href":"https:\/\/www.easp.es\/ideo\/index.php?rest_route=\/wp\/v2\/posts"}],"about":[{"href":"https:\/\/www.easp.es\/ideo\/index.php?rest_route=\/wp\/v2\/types\/post"}],"author":[{"embeddable":true,"href":"https:\/\/www.easp.es\/ideo\/index.php?rest_route=\/wp\/v2\/users\/276"}],"replies":[{"embeddable":true,"href":"https:\/\/www.easp.es\/ideo\/index.php?rest_route=%2Fwp%2Fv2%2Fcomments&post=748"}],"version-history":[{"count":4,"href":"https:\/\/www.easp.es\/ideo\/index.php?rest_route=\/wp\/v2\/posts\/748\/revisions"}],"predecessor-version":[{"id":978,"href":"https:\/\/www.easp.es\/ideo\/index.php?rest_route=\/wp\/v2\/posts\/748\/revisions\/978"}],"wp:attachment":[{"href":"https:\/\/www.easp.es\/ideo\/index.php?rest_route=%2Fwp%2Fv2%2Fmedia&parent=748"}],"wp:term":[{"taxonomy":"category","embeddable":true,"href":"https:\/\/www.easp.es\/ideo\/index.php?rest_route=%2Fwp%2Fv2%2Fcategories&post=748"},{"taxonomy":"post_tag","embeddable":true,"href":"https:\/\/www.easp.es\/ideo\/index.php?rest_route=%2Fwp%2Fv2%2Ftags&post=748"}],"curies":[{"name":"wp","href":"https:\/\/api.w.org\/{rel}","templated":true}]}}