{"id":758,"date":"2015-03-16T10:04:18","date_gmt":"2015-03-16T09:04:18","guid":{"rendered":"http:\/\/ideo.easp.es\/?p=758"},"modified":"2020-11-30T09:32:08","modified_gmt":"2020-11-30T08:32:08","slug":"presentacion-de-la-guia-clinica-sobre-ciberacoso-para-los-profesionales-de-la-salud-por-maria-angustias-salmeron","status":"publish","type":"post","link":"https:\/\/www.easp.es\/ideo\/?p=758","title":{"rendered":"Presentaci\u00f3n de la \u201cGu\u00eda cl\u00ednica sobre ciberacoso para los profesionales de la salud\u201d por Mar\u00eda Angustias Salmer\u00f3n"},"content":{"rendered":"<p>El jueves 19 de marzo a las 19:00 horas GrinUGR realizar\u00e1 la presentaci\u00f3n de la \u201cGu\u00eda cl\u00ednica sobre ciberacoso para los profesionales de la salud\u201d con la presencia de Mar\u00eda Angustias Salmer\u00f3n, coordinadora y autora de dicha publicaci\u00f3n que nace del grupo de Nuevas Tecnolog\u00edas de la Informaci\u00f3n y la Comunicaci\u00f3n (TIC) de la Sociedad Espa\u00f1ola de Medicina del Adolescente. El acto, organizado por GrinUGR junto con IDEO (Escuela Andaluza de Salud P\u00fablica) y la Fundaci\u00f3n Index, se celebrar\u00e1 en el Sal\u00f3n de Grados de la Facultad de Ciencias Pol\u00edticas y Sociolog\u00eda de la Universidad de Granada y durar\u00e1 aproximadamente 45 minutos m\u00e1s 15-30 de preguntas y discusi\u00f3n compartida.<\/p>\n<p>Puedes encontrar m\u00e1s informaci\u00f3n as\u00ed como un formulario de inscripci\u00f3n en <a title=\"Gu\u00eda Cl\u00ednica Ciberacoso\" href=\"http:\/\/grinugr.org\/noticias-de-eventos\/presentacion-de-la-guia-clinica-sobre-ciberacoso-para-los-profesionales-de-la-salud-por-maria-salmeron\/\" target=\"_blank\" rel=\"noopener noreferrer\">este enlace<\/a><\/p>\n","protected":false},"excerpt":{"rendered":"<p>El jueves 19 de marzo a las 19:00 horas GrinUGR realizar\u00e1 la presentaci\u00f3n de la \u201cGu\u00eda cl\u00ednica sobre ciberacoso para los profesionales de la salud\u201d con la presencia de Mar\u00eda Angustias Salmer\u00f3n, coordinadora y autora de dicha publicaci\u00f3n que nace &hellip; <a href=\"https:\/\/www.easp.es\/ideo\/?p=758\">Sigue leyendo <span class=\"meta-nav\">&rarr;<\/span><\/a><\/p>\n","protected":false},"author":276,"featured_media":0,"comment_status":"open","ping_status":"open","sticky":false,"template":"","format":"standard","meta":{"sfsi_plus_gutenberg_text_before_share":"","sfsi_plus_gutenberg_show_text_before_share":"","sfsi_plus_gutenberg_icon_type":"","sfsi_plus_gutenberg_icon_alignemt":"","sfsi_plus_gutenburg_max_per_row":""},"categories":[3],"tags":[],"_links":{"self":[{"href":"https:\/\/www.easp.es\/ideo\/index.php?rest_route=\/wp\/v2\/posts\/758"}],"collection":[{"href":"https:\/\/www.easp.es\/ideo\/index.php?rest_route=\/wp\/v2\/posts"}],"about":[{"href":"https:\/\/www.easp.es\/ideo\/index.php?rest_route=\/wp\/v2\/types\/post"}],"author":[{"embeddable":true,"href":"https:\/\/www.easp.es\/ideo\/index.php?rest_route=\/wp\/v2\/users\/276"}],"replies":[{"embeddable":true,"href":"https:\/\/www.easp.es\/ideo\/index.php?rest_route=%2Fwp%2Fv2%2Fcomments&post=758"}],"version-history":[{"count":3,"href":"https:\/\/www.easp.es\/ideo\/index.php?rest_route=\/wp\/v2\/posts\/758\/revisions"}],"predecessor-version":[{"id":979,"href":"https:\/\/www.easp.es\/ideo\/index.php?rest_route=\/wp\/v2\/posts\/758\/revisions\/979"}],"wp:attachment":[{"href":"https:\/\/www.easp.es\/ideo\/index.php?rest_route=%2Fwp%2Fv2%2Fmedia&parent=758"}],"wp:term":[{"taxonomy":"category","embeddable":true,"href":"https:\/\/www.easp.es\/ideo\/index.php?rest_route=%2Fwp%2Fv2%2Fcategories&post=758"},{"taxonomy":"post_tag","embeddable":true,"href":"https:\/\/www.easp.es\/ideo\/index.php?rest_route=%2Fwp%2Fv2%2Ftags&post=758"}],"curies":[{"name":"wp","href":"https:\/\/api.w.org\/{rel}","templated":true}]}}