{"id":882,"date":"2015-12-15T09:15:19","date_gmt":"2015-12-15T08:15:19","guid":{"rendered":"http:\/\/www.easp.es\/ideo\/?p=882"},"modified":"2015-12-15T09:15:19","modified_gmt":"2015-12-15T08:15:19","slug":"sesion-i-deo-titulares-formativos","status":"publish","type":"post","link":"https:\/\/www.easp.es\/ideo\/?p=882","title":{"rendered":"Sesi\u00f3n i-deo: Titulares Formativos"},"content":{"rendered":"<p>Desde su experiencia previa trabajando en medios de comunicaci\u00f3n y su actual actividad docente en la Escuela Andaluza de Salud P\u00fablica, \u00c1ngel Luis Mena nos present\u00f3 el 9 de diciembre su herramienta \u201cTitulares formativos\u201d, el 9 de diciembre. Un instrumento para resumir y valorar los contenidos impartidos durante una sesi\u00f3n, una clase o un curso, y que permite que todo el alumnado participe. Adem\u00e1s de democratizar las intervenciones, es una forma de reflexionar sobre lo que se ha aprendido y conocido hasta ese momento, tanto lo propio como la visi\u00f3n de otros compa\u00f1eros. Y al docente le permite pulsar por qu\u00e9 camino transita el aprendizaje.<\/p>\n<p>El ejercicio es sencillo: pedir una frase que sintetice la idea m\u00e1s importante o interesante que se haya aprendido. Tienen que redactarlo en un par de minutos, usando de 10 a 14 palabras y se recomienda una estructura sencilla de sujeto + verbo + predicado. Va a funcionar como un titular de prensa, que sea breve, conciso, sencillo y atractivo, que llame la atenci\u00f3n del p\u00fablico (en este caso, el resto de compa\u00f1eros y el docente).<\/p>\n<p>Todos los \u201ctitulares\u201d se recogen y se escriben en pantalla. Todos son v\u00e1lidos y se complementan entre s\u00ed. Los que son parecidos se pueden agrupar por tem\u00e1ticas para visualizarlas mejor. Y se da paso al debate. La variedad de tem\u00e1ticas y estilos de redacci\u00f3n es tan amplia que siempre hay juego para recordar y hacer reflexionar sobre los contenidos principales del curso, o explorar y aprender de nuevas visiones que han podido pasar desapercibidas.<\/p>\n<p>&nbsp;<\/p>\n<p><iframe loading=\"lazy\" width=\"560\" height=\"315\" src=\"https:\/\/www.youtube.com\/embed\/videoseries?list=PLZ28HXnh-LxDLAlEIqW1DcvSQkP8YOdd2\" frameborder=\"0\" allowfullscreen><\/iframe><\/p>\n","protected":false},"excerpt":{"rendered":"<p>Desde su experiencia previa trabajando en medios de comunicaci\u00f3n y su actual actividad docente en la Escuela Andaluza de Salud P\u00fablica, \u00c1ngel Luis Mena nos present\u00f3 el 9 de diciembre su herramienta \u201cTitulares formativos\u201d, el 9 de diciembre. Un instrumento &hellip; <a href=\"https:\/\/www.easp.es\/ideo\/?p=882\">Sigue leyendo <span class=\"meta-nav\">&rarr;<\/span><\/a><\/p>\n","protected":false},"author":276,"featured_media":0,"comment_status":"open","ping_status":"open","sticky":false,"template":"","format":"standard","meta":{"sfsi_plus_gutenberg_text_before_share":"","sfsi_plus_gutenberg_show_text_before_share":"","sfsi_plus_gutenberg_icon_type":"","sfsi_plus_gutenberg_icon_alignemt":"","sfsi_plus_gutenburg_max_per_row":""},"categories":[5],"tags":[],"_links":{"self":[{"href":"https:\/\/www.easp.es\/ideo\/index.php?rest_route=\/wp\/v2\/posts\/882"}],"collection":[{"href":"https:\/\/www.easp.es\/ideo\/index.php?rest_route=\/wp\/v2\/posts"}],"about":[{"href":"https:\/\/www.easp.es\/ideo\/index.php?rest_route=\/wp\/v2\/types\/post"}],"author":[{"embeddable":true,"href":"https:\/\/www.easp.es\/ideo\/index.php?rest_route=\/wp\/v2\/users\/276"}],"replies":[{"embeddable":true,"href":"https:\/\/www.easp.es\/ideo\/index.php?rest_route=%2Fwp%2Fv2%2Fcomments&post=882"}],"version-history":[{"count":1,"href":"https:\/\/www.easp.es\/ideo\/index.php?rest_route=\/wp\/v2\/posts\/882\/revisions"}],"predecessor-version":[{"id":883,"href":"https:\/\/www.easp.es\/ideo\/index.php?rest_route=\/wp\/v2\/posts\/882\/revisions\/883"}],"wp:attachment":[{"href":"https:\/\/www.easp.es\/ideo\/index.php?rest_route=%2Fwp%2Fv2%2Fmedia&parent=882"}],"wp:term":[{"taxonomy":"category","embeddable":true,"href":"https:\/\/www.easp.es\/ideo\/index.php?rest_route=%2Fwp%2Fv2%2Fcategories&post=882"},{"taxonomy":"post_tag","embeddable":true,"href":"https:\/\/www.easp.es\/ideo\/index.php?rest_route=%2Fwp%2Fv2%2Ftags&post=882"}],"curies":[{"name":"wp","href":"https:\/\/api.w.org\/{rel}","templated":true}]}}