{"id":907,"date":"2016-05-03T09:55:20","date_gmt":"2016-05-03T07:55:20","guid":{"rendered":"http:\/\/www.easp.es\/ideo\/?p=907"},"modified":"2016-07-08T12:21:18","modified_gmt":"2016-07-08T10:21:18","slug":"ideoeasp-anibal-de-la-torre-10-de-mayo-1200","status":"publish","type":"post","link":"https:\/\/www.easp.es\/ideo\/?p=907","title":{"rendered":"#ideoeasp An\u00edbal de la Torre 10 de Mayo 12:00"},"content":{"rendered":"<p>Sesi\u00f3n de Innovaci\u00f3n Docente #ideoeasp el d\u00eda 10 de mayo a las 12:00 en la Escuela Andaluza de Salud P\u00fablica.<\/p>\n<p>\u00bfDe qu\u00e9 hablamos cuando hablamos de Flipped Classroom\u2026? \u00bfteor\u00eda educativa? \u00bfmodelo pedag\u00f3gico? \u00bfestrategia metodol\u00f3gica? \u00bfinnovaci\u00f3n terminol\u00f3gica? \u00bfmoda?<\/p>\n<p>El Flipped Classroom (Jonathan Bergman y Aaron Sams &#8211; 2007), o clase invertida, o ense\u00f1anza al rev\u00e9s, o&#8230;<\/p>\n<p>Cuando menos, se trata de una oportunidad para que las sesiones educativas o formativas se desarrollen centradas en los estudiantes y enactividades de cierto grado de nivel cognitivo, relegando los contenidos y los modelos expositivos a los m\u00e1rgenes \u00abposibles\u00bb.<\/p>\n<p>An\u00edbal de la Torrevuelve a ideo para profundizar con nosotros sobre innovaci\u00f3n educativa, poniendo la clase del rev\u00e9s.<\/p>\n<p>Para saber m\u00e1s sobre An\u00edbal, puedes visitar su blog <a href=\"http:\/\/www.adelat.org\">http:\/\/www.adelat.org<\/a>y su perfil profesional <a href=\"https:\/\/www.linkedin.com\/in\/anibaldelatorre\">https:\/\/www.linkedin.com\/in\/anibaldelatorre<\/a><\/p>\n<p>\u00bfTe animas?<\/p>\n<p>Haz click en el siguiente enlace para confirmar tu asistencia por email <a href=\"mailto:ideoeasp@gmail.com?subject=Confirmaci\u00f3n%20ideo%20An\u00edbal%20de%20la%20Torre\">ideoeasp@gmail.com<\/a><\/p>\n<p><strong>Actualizaci\u00f3n<\/strong>: A continuaci\u00f3n puedes ver la sesi\u00f3n grabada<br \/>\n<iframe loading=\"lazy\" src=\"https:\/\/www.youtube.com\/embed\/qeu2ryerMkQ\" width=\"560\" height=\"315\" frameborder=\"0\" allowfullscreen=\"allowfullscreen\"><\/iframe><\/p>\n","protected":false},"excerpt":{"rendered":"<p>Sesi\u00f3n de Innovaci\u00f3n Docente #ideoeasp el d\u00eda 10 de mayo a las 12:00 en la Escuela Andaluza de Salud P\u00fablica. \u00bfDe qu\u00e9 hablamos cuando hablamos de Flipped Classroom\u2026? \u00bfteor\u00eda educativa? \u00bfmodelo pedag\u00f3gico? \u00bfestrategia metodol\u00f3gica? \u00bfinnovaci\u00f3n terminol\u00f3gica? \u00bfmoda? El Flipped Classroom &hellip; <a href=\"https:\/\/www.easp.es\/ideo\/?p=907\">Sigue leyendo <span class=\"meta-nav\">&rarr;<\/span><\/a><\/p>\n","protected":false},"author":276,"featured_media":0,"comment_status":"open","ping_status":"open","sticky":false,"template":"","format":"standard","meta":{"sfsi_plus_gutenberg_text_before_share":"","sfsi_plus_gutenberg_show_text_before_share":"","sfsi_plus_gutenberg_icon_type":"","sfsi_plus_gutenberg_icon_alignemt":"","sfsi_plus_gutenburg_max_per_row":""},"categories":[5],"tags":[],"_links":{"self":[{"href":"https:\/\/www.easp.es\/ideo\/index.php?rest_route=\/wp\/v2\/posts\/907"}],"collection":[{"href":"https:\/\/www.easp.es\/ideo\/index.php?rest_route=\/wp\/v2\/posts"}],"about":[{"href":"https:\/\/www.easp.es\/ideo\/index.php?rest_route=\/wp\/v2\/types\/post"}],"author":[{"embeddable":true,"href":"https:\/\/www.easp.es\/ideo\/index.php?rest_route=\/wp\/v2\/users\/276"}],"replies":[{"embeddable":true,"href":"https:\/\/www.easp.es\/ideo\/index.php?rest_route=%2Fwp%2Fv2%2Fcomments&post=907"}],"version-history":[{"count":3,"href":"https:\/\/www.easp.es\/ideo\/index.php?rest_route=\/wp\/v2\/posts\/907\/revisions"}],"predecessor-version":[{"id":911,"href":"https:\/\/www.easp.es\/ideo\/index.php?rest_route=\/wp\/v2\/posts\/907\/revisions\/911"}],"wp:attachment":[{"href":"https:\/\/www.easp.es\/ideo\/index.php?rest_route=%2Fwp%2Fv2%2Fmedia&parent=907"}],"wp:term":[{"taxonomy":"category","embeddable":true,"href":"https:\/\/www.easp.es\/ideo\/index.php?rest_route=%2Fwp%2Fv2%2Fcategories&post=907"},{"taxonomy":"post_tag","embeddable":true,"href":"https:\/\/www.easp.es\/ideo\/index.php?rest_route=%2Fwp%2Fv2%2Ftags&post=907"}],"curies":[{"name":"wp","href":"https:\/\/api.w.org\/{rel}","templated":true}]}}