{"id":91,"date":"2012-03-15T09:04:12","date_gmt":"2012-03-15T08:04:12","guid":{"rendered":"http:\/\/proyectoideo.wordpress.com\/?p=91"},"modified":"2020-12-09T10:16:00","modified_gmt":"2020-12-09T09:16:00","slug":"participacion-en-las-sesiones-ideo","status":"publish","type":"post","link":"https:\/\/www.easp.es\/ideo\/?p=91","title":{"rendered":"Participaci\u00f3n en las Sesiones Ideo"},"content":{"rendered":"<p><img loading=\"lazy\" class=\"alignleft size-medium wp-image-560\" src=\"https:\/\/www.easp.es\/ideo\/wp-content\/uploads\/2013\/03\/DSC07006-300x180.jpg\" alt=\"\" width=\"300\" height=\"180\" srcset=\"https:\/\/www.easp.es\/ideo\/wp-content\/uploads\/2013\/03\/DSC07006-300x180.jpg 300w, https:\/\/www.easp.es\/ideo\/wp-content\/uploads\/2013\/03\/DSC07006-500x300.jpg 500w, https:\/\/www.easp.es\/ideo\/wp-content\/uploads\/2013\/03\/DSC07006.jpg 512w\" sizes=\"(max-width: 300px) 100vw, 300px\" \/>Desde que comenzamos con las sesiones Ideo el pasado mes de junio hemos podido compartir con muchos de vosotros temas como los Entornos Personales de Aprendizaje, experiencias como el proyecto de Itinerarios Formativos en Seguridad del Paciente, y otros muchos.<\/p>\n<p>Las sesiones han contado con una participaci\u00f3n muy activa, dedicando buena parte de las mismas a debatir el tema que se trataba. Adem\u00e1s, el n\u00famero de participantes ha sido bastante aceptable teniendo en cuenta el ritmo de trabajo que llevamos habitualmente.<\/p>\n<p>Esperamos completar al menos diez sesiones Ideo antes de cumplir nuestro primer a\u00f1o de actividad, pero sobre todo deseamos que la participaci\u00f3n siga siendo la misma no s\u00f3lo en n\u00famero de asistentes sino sobretodo en el inter\u00e9s y la ganas de participar y debatir que mostr\u00e1is todos los que nos acompa\u00f1\u00e1is en estas sesiones.<\/p>\n","protected":false},"excerpt":{"rendered":"<p>Desde que comenzamos con las sesiones Ideo el pasado mes de junio hemos podido compartir con muchos de vosotros temas como los Entornos Personales de Aprendizaje, experiencias como el proyecto de Itinerarios Formativos en Seguridad del Paciente, y otros muchos. &hellip; <a href=\"https:\/\/www.easp.es\/ideo\/?p=91\">Sigue leyendo <span class=\"meta-nav\">&rarr;<\/span><\/a><\/p>\n","protected":false},"author":276,"featured_media":0,"comment_status":"open","ping_status":"open","sticky":false,"template":"","format":"standard","meta":{"sfsi_plus_gutenberg_text_before_share":"","sfsi_plus_gutenberg_show_text_before_share":"","sfsi_plus_gutenberg_icon_type":"","sfsi_plus_gutenberg_icon_alignemt":"","sfsi_plus_gutenburg_max_per_row":""},"categories":[5],"tags":[8,10],"_links":{"self":[{"href":"https:\/\/www.easp.es\/ideo\/index.php?rest_route=\/wp\/v2\/posts\/91"}],"collection":[{"href":"https:\/\/www.easp.es\/ideo\/index.php?rest_route=\/wp\/v2\/posts"}],"about":[{"href":"https:\/\/www.easp.es\/ideo\/index.php?rest_route=\/wp\/v2\/types\/post"}],"author":[{"embeddable":true,"href":"https:\/\/www.easp.es\/ideo\/index.php?rest_route=\/wp\/v2\/users\/276"}],"replies":[{"embeddable":true,"href":"https:\/\/www.easp.es\/ideo\/index.php?rest_route=%2Fwp%2Fv2%2Fcomments&post=91"}],"version-history":[{"count":2,"href":"https:\/\/www.easp.es\/ideo\/index.php?rest_route=\/wp\/v2\/posts\/91\/revisions"}],"predecessor-version":[{"id":1023,"href":"https:\/\/www.easp.es\/ideo\/index.php?rest_route=\/wp\/v2\/posts\/91\/revisions\/1023"}],"wp:attachment":[{"href":"https:\/\/www.easp.es\/ideo\/index.php?rest_route=%2Fwp%2Fv2%2Fmedia&parent=91"}],"wp:term":[{"taxonomy":"category","embeddable":true,"href":"https:\/\/www.easp.es\/ideo\/index.php?rest_route=%2Fwp%2Fv2%2Fcategories&post=91"},{"taxonomy":"post_tag","embeddable":true,"href":"https:\/\/www.easp.es\/ideo\/index.php?rest_route=%2Fwp%2Fv2%2Ftags&post=91"}],"curies":[{"name":"wp","href":"https:\/\/api.w.org\/{rel}","templated":true}]}}