{"id":98,"date":"2012-03-15T09:03:03","date_gmt":"2012-03-15T08:03:03","guid":{"rendered":"http:\/\/proyectoideo.wordpress.com\/?p=98"},"modified":"2020-12-09T10:17:54","modified_gmt":"2020-12-09T09:17:54","slug":"david-alvarez-nos-cuenta-su-ple","status":"publish","type":"post","link":"https:\/\/www.easp.es\/ideo\/?p=98","title":{"rendered":"David \u00c1lvarez nos cuenta su PLE"},"content":{"rendered":"<p>Con el t\u00edtulo \u00ab\u00bfPor qu\u00e9 un docente deber\u00eda tener un blog?\u00bb comparti\u00f3 David \u00c1lvarez su experiencia personal con los PLE (Entorno Personal de Aprendizaje) en la sesi\u00f3n i-deo celebrada el pasado 14 de febrero en la Escuela Andaluza de Salud P\u00fablica. Haciendo uso de un recurso tan tradicional en docencia como es la pizarra, nos fue relatando la evoluci\u00f3n de su PLE y como ha ido incorporando las diferentes herramientas que han ido apareciendo en el campo de las TICs.<\/p>\n<p>Durante la sesi\u00f3n, las ideas fueron twitteadas por los asistentes creando un storify que se puede consultar en el propio <a title=\"e-aprendizaje\" href=\"http:\/\/e-aprendizaje.es\/2012\/02\/14\/por-que-un-docente-deberia-tener-un-blog\/\" target=\"_blank\" rel=\"noopener noreferrer\">blog <\/a>del ponente.<\/p>\n<p>La sesi\u00f3n tuvo una gran acogida entre el p\u00fablico y se plantearon algunas reflexiones finales concernientes a la realidad de nuestra instituci\u00f3n como por ejemplo la acreditaci\u00f3n y certificaci\u00f3n de la formaci\u00f3n entre otros temas. Algunas de las respuestas a la pregunta inicial del porqu\u00e9 un docente deber\u00eda tener un blog fueron: permite dar a conocer la actividad docente, compartir buenas pr\u00e1cticas, entre otras.<\/p>\n<p style=\"text-align: center;\">\n","protected":false},"excerpt":{"rendered":"<p>Con el t\u00edtulo \u00ab\u00bfPor qu\u00e9 un docente deber\u00eda tener un blog?\u00bb comparti\u00f3 David \u00c1lvarez su experiencia personal con los PLE (Entorno Personal de Aprendizaje) en la sesi\u00f3n i-deo celebrada el pasado 14 de febrero en la Escuela Andaluza de Salud &hellip; <a href=\"https:\/\/www.easp.es\/ideo\/?p=98\">Sigue leyendo <span class=\"meta-nav\">&rarr;<\/span><\/a><\/p>\n","protected":false},"author":276,"featured_media":0,"comment_status":"open","ping_status":"open","sticky":false,"template":"","format":"standard","meta":{"sfsi_plus_gutenberg_text_before_share":"","sfsi_plus_gutenberg_show_text_before_share":"","sfsi_plus_gutenberg_icon_type":"","sfsi_plus_gutenberg_icon_alignemt":"","sfsi_plus_gutenburg_max_per_row":""},"categories":[5],"tags":[7,9],"_links":{"self":[{"href":"https:\/\/www.easp.es\/ideo\/index.php?rest_route=\/wp\/v2\/posts\/98"}],"collection":[{"href":"https:\/\/www.easp.es\/ideo\/index.php?rest_route=\/wp\/v2\/posts"}],"about":[{"href":"https:\/\/www.easp.es\/ideo\/index.php?rest_route=\/wp\/v2\/types\/post"}],"author":[{"embeddable":true,"href":"https:\/\/www.easp.es\/ideo\/index.php?rest_route=\/wp\/v2\/users\/276"}],"replies":[{"embeddable":true,"href":"https:\/\/www.easp.es\/ideo\/index.php?rest_route=%2Fwp%2Fv2%2Fcomments&post=98"}],"version-history":[{"count":2,"href":"https:\/\/www.easp.es\/ideo\/index.php?rest_route=\/wp\/v2\/posts\/98\/revisions"}],"predecessor-version":[{"id":1025,"href":"https:\/\/www.easp.es\/ideo\/index.php?rest_route=\/wp\/v2\/posts\/98\/revisions\/1025"}],"wp:attachment":[{"href":"https:\/\/www.easp.es\/ideo\/index.php?rest_route=%2Fwp%2Fv2%2Fmedia&parent=98"}],"wp:term":[{"taxonomy":"category","embeddable":true,"href":"https:\/\/www.easp.es\/ideo\/index.php?rest_route=%2Fwp%2Fv2%2Fcategories&post=98"},{"taxonomy":"post_tag","embeddable":true,"href":"https:\/\/www.easp.es\/ideo\/index.php?rest_route=%2Fwp%2Fv2%2Ftags&post=98"}],"curies":[{"name":"wp","href":"https:\/\/api.w.org\/{rel}","templated":true}]}}