{"id":1023,"date":"2018-03-09T07:02:16","date_gmt":"2018-03-09T07:02:16","guid":{"rendered":"https:\/\/www.easp.es\/web\/bimbela\/?p=1023"},"modified":"2018-03-09T07:13:10","modified_gmt":"2018-03-09T07:13:10","slug":"comunicacion-farmaceuticoa-con-ella-paciente","status":"publish","type":"post","link":"https:\/\/www.easp.es\/web\/bimbela\/2018\/03\/comunicacion-farmaceuticoa-con-ella-paciente\/","title":{"rendered":"MEJORANDO LA COMUNICACI\u00d3N CON EL\/LA PACIENTE"},"content":{"rendered":"<p>A finales del a\u00f1o pasado, particip\u00e9 en una tertulia organizada por el Colegio de Farmac\u00e9uticos de Barcelona (COFB), para hablar sobre c\u00f3mo una mejora en la <strong>comunicaci\u00f3n farmac\u00e9utico\/a &#8211; paciente<\/strong>, puede mejorar los resultados en la salud de los\/as pacientes.<\/p>\n<p>Antes de la Conferencia, el Equipo de Comunicaci\u00f3n del COFB, me hizo una entrevista para <strong>sintetizar<\/strong> los puntos clave de mi intervenci\u00f3n. Ayer mismo lleg\u00f3 a mis manos dicha entrevista y, sinceramente, creo que puede resultar \u00fatil y clarificadora para cualquier profesional socio-sanitario\/a que quiera mejorar su comunicaci\u00f3n con todo tipo de interlocutores.<\/p>\n<p>Aqu\u00ed va el enlace (con un c\u00e1lido abrazo desde Granada):<\/p>\n<p><iframe loading=\"lazy\" src=\"https:\/\/player.vimeo.com\/video\/258965254?app_id=122963\" width=\"840\" height=\"473\" frameborder=\"0\" title=\"Entrevista al doctor Jos&eacute; Luis Bimbela [&ldquo;Millorar la comunicaci&oacute; farmac&egrave;utic&ndash;pacient, millora els resultats de salut&rdquo;]\" webkitallowfullscreen mozallowfullscreen allowfullscreen><\/iframe><\/p>\n<p>&nbsp;<\/p>\n<p>&nbsp;<\/p>\n<p>&nbsp;<\/p>\n","protected":false},"excerpt":{"rendered":"<p>A finales del a\u00f1o pasado, particip\u00e9 en una tertulia organizada por el Colegio de Farmac\u00e9uticos de Barcelona (COFB), para hablar sobre c\u00f3mo una mejora en la comunicaci\u00f3n farmac\u00e9utico\/a &#8211; paciente, puede mejorar los resultados en la salud de los\/as pacientes. Antes de la Conferencia, el Equipo de Comunicaci\u00f3n del COFB, me hizo una entrevista para &hellip; <a href=\"https:\/\/www.easp.es\/web\/bimbela\/2018\/03\/comunicacion-farmaceuticoa-con-ella-paciente\/\" class=\"more-link\">Continuar leyendo<span class=\"screen-reader-text\"> \u00abMEJORANDO LA COMUNICACI\u00d3N CON EL\/LA PACIENTE\u00bb<\/span><\/a><\/p>\n","protected":false},"author":2,"featured_media":0,"comment_status":"open","ping_status":"open","sticky":false,"template":"","format":"standard","meta":{"footnotes":""},"categories":[3],"tags":[],"class_list":["post-1023","post","type-post","status-publish","format-standard","hentry","category-general"],"_links":{"self":[{"href":"https:\/\/www.easp.es\/web\/bimbela\/wp-json\/wp\/v2\/posts\/1023","targetHints":{"allow":["GET"]}}],"collection":[{"href":"https:\/\/www.easp.es\/web\/bimbela\/wp-json\/wp\/v2\/posts"}],"about":[{"href":"https:\/\/www.easp.es\/web\/bimbela\/wp-json\/wp\/v2\/types\/post"}],"author":[{"embeddable":true,"href":"https:\/\/www.easp.es\/web\/bimbela\/wp-json\/wp\/v2\/users\/2"}],"replies":[{"embeddable":true,"href":"https:\/\/www.easp.es\/web\/bimbela\/wp-json\/wp\/v2\/comments?post=1023"}],"version-history":[{"count":2,"href":"https:\/\/www.easp.es\/web\/bimbela\/wp-json\/wp\/v2\/posts\/1023\/revisions"}],"predecessor-version":[{"id":1025,"href":"https:\/\/www.easp.es\/web\/bimbela\/wp-json\/wp\/v2\/posts\/1023\/revisions\/1025"}],"wp:attachment":[{"href":"https:\/\/www.easp.es\/web\/bimbela\/wp-json\/wp\/v2\/media?parent=1023"}],"wp:term":[{"taxonomy":"category","embeddable":true,"href":"https:\/\/www.easp.es\/web\/bimbela\/wp-json\/wp\/v2\/categories?post=1023"},{"taxonomy":"post_tag","embeddable":true,"href":"https:\/\/www.easp.es\/web\/bimbela\/wp-json\/wp\/v2\/tags?post=1023"}],"curies":[{"name":"wp","href":"https:\/\/api.w.org\/{rel}","templated":true}]}}