{"id":1070,"date":"2018-05-28T07:00:58","date_gmt":"2018-05-28T07:00:58","guid":{"rendered":"https:\/\/www.easp.es\/web\/bimbela\/?p=1070"},"modified":"2018-05-28T07:05:27","modified_gmt":"2018-05-28T07:05:27","slug":"cuidando-al-profesional-de-la-salud","status":"publish","type":"post","link":"https:\/\/www.easp.es\/web\/bimbela\/2018\/05\/cuidando-al-profesional-de-la-salud\/","title":{"rendered":"CUIDANDO AL PROFESIONAL DE LA SALUD"},"content":{"rendered":"<p>Qu\u00e9 alegr\u00eda volver a uno de mis temas cl\u00e1sicos:<\/p>\n<p><span style=\"color: #0000ff\"><strong>CUIDAR AL QUE CUIDA, CUIDAR AL PROFESIONAL DE LA SALUD <\/strong><\/span><\/p>\n<p>Ahora, mayo de 2018, en el HOSPITAL UNIVERSITARIO INSULAR DE GRAN CANARIA.<\/p>\n<p>Una experiencia emotiva y apasionante. Con unos\/as asistentes motivados\/as y con una instituci\u00f3n comprometida con la Humanizaci\u00f3n Hospitalaria y el Cuidado a sus profesionales.<\/p>\n<p><img loading=\"lazy\" decoding=\"async\" class=\"aligncenter size-medium wp-image-1072\" src=\"https:\/\/www.easp.es\/web\/bimbela\/wp-content\/uploads\/sites\/3\/2018\/05\/Presentaci\u00f3n-Conferencia-21mayo-2018-e1527490826723-225x300.jpg\" alt=\"\" width=\"225\" height=\"300\" srcset=\"https:\/\/www.easp.es\/web\/bimbela\/wp-content\/uploads\/sites\/3\/2018\/05\/Presentaci\u00f3n-Conferencia-21mayo-2018-e1527490826723-225x300.jpg 225w, https:\/\/www.easp.es\/web\/bimbela\/wp-content\/uploads\/sites\/3\/2018\/05\/Presentaci\u00f3n-Conferencia-21mayo-2018-e1527490826723-300x400.jpg 300w, https:\/\/www.easp.es\/web\/bimbela\/wp-content\/uploads\/sites\/3\/2018\/05\/Presentaci\u00f3n-Conferencia-21mayo-2018-e1527490826723.jpg 480w\" sizes=\"auto, (max-width: 225px) 85vw, 225px\" \/><\/p>\n","protected":false},"excerpt":{"rendered":"<p>Qu\u00e9 alegr\u00eda volver a uno de mis temas cl\u00e1sicos: CUIDAR AL QUE CUIDA, CUIDAR AL PROFESIONAL DE LA SALUD Ahora, mayo de 2018, en el HOSPITAL UNIVERSITARIO INSULAR DE GRAN CANARIA. Una experiencia emotiva y apasionante. Con unos\/as asistentes motivados\/as y con una instituci\u00f3n comprometida con la Humanizaci\u00f3n Hospitalaria y el Cuidado a sus profesionales.<\/p>\n","protected":false},"author":2,"featured_media":0,"comment_status":"open","ping_status":"open","sticky":false,"template":"","format":"standard","meta":{"footnotes":""},"categories":[3],"tags":[],"class_list":["post-1070","post","type-post","status-publish","format-standard","hentry","category-general"],"_links":{"self":[{"href":"https:\/\/www.easp.es\/web\/bimbela\/wp-json\/wp\/v2\/posts\/1070","targetHints":{"allow":["GET"]}}],"collection":[{"href":"https:\/\/www.easp.es\/web\/bimbela\/wp-json\/wp\/v2\/posts"}],"about":[{"href":"https:\/\/www.easp.es\/web\/bimbela\/wp-json\/wp\/v2\/types\/post"}],"author":[{"embeddable":true,"href":"https:\/\/www.easp.es\/web\/bimbela\/wp-json\/wp\/v2\/users\/2"}],"replies":[{"embeddable":true,"href":"https:\/\/www.easp.es\/web\/bimbela\/wp-json\/wp\/v2\/comments?post=1070"}],"version-history":[{"count":3,"href":"https:\/\/www.easp.es\/web\/bimbela\/wp-json\/wp\/v2\/posts\/1070\/revisions"}],"predecessor-version":[{"id":1075,"href":"https:\/\/www.easp.es\/web\/bimbela\/wp-json\/wp\/v2\/posts\/1070\/revisions\/1075"}],"wp:attachment":[{"href":"https:\/\/www.easp.es\/web\/bimbela\/wp-json\/wp\/v2\/media?parent=1070"}],"wp:term":[{"taxonomy":"category","embeddable":true,"href":"https:\/\/www.easp.es\/web\/bimbela\/wp-json\/wp\/v2\/categories?post=1070"},{"taxonomy":"post_tag","embeddable":true,"href":"https:\/\/www.easp.es\/web\/bimbela\/wp-json\/wp\/v2\/tags?post=1070"}],"curies":[{"name":"wp","href":"https:\/\/api.w.org\/{rel}","templated":true}]}}