{"id":1079,"date":"2018-06-18T11:27:07","date_gmt":"2018-06-18T11:27:07","guid":{"rendered":"https:\/\/www.easp.es\/web\/bimbela\/?p=1079"},"modified":"2018-08-09T18:25:36","modified_gmt":"2018-08-09T18:25:36","slug":"llega-el-verano-con-noticias-del-otono","status":"publish","type":"post","link":"https:\/\/www.easp.es\/web\/bimbela\/2018\/06\/llega-el-verano-con-noticias-del-otono\/","title":{"rendered":"LLEGA EL VERANO CON NOTICIAS DEL OTO\u00d1O"},"content":{"rendered":"<p>Es un enorme placer anunciaros <strong>2 Jornadas<\/strong> que hemos organizado para el pr\u00f3ximo mes de Octubre en la Escuela Andaluza de Salud P\u00fablica:<\/p>\n<p><span style=\"color: #ff0000\">1.- Mi\u00e9rcoles 10 de Octubre D\u00eda Mundial de la Salud Mental<\/span><br \/>\n<strong><span style=\"color: #ff0000\">SALUD EMOCIONAL Y J\u00d3VENES<\/span><\/strong><\/p>\n<p><span style=\"color: #ff0000\"><strong><a style=\"color: #ff0000\" href=\"https:\/\/www.easp.es\/wp-content\/uploads\/2018\/07\/jovenesv2.pdf\">https:\/\/www.easp.es\/wp-content\/uploads\/2018\/07\/jovenesv2.pdf<\/a><\/strong><\/span><\/p>\n<p>&nbsp;<\/p>\n<p><span style=\"color: #0000ff\">2.- Mi\u00e9rcoles 17 de Octubre D\u00eda Mundial Contra el Dolor<\/span><br \/>\n<strong><span style=\"color: #0000ff\">DOLOR EN LA INFANCIA Y LA ADOLESCENCIA<\/span><\/strong><\/p>\n<p><span style=\"color: #0000ff\"><strong><a style=\"color: #0000ff\" href=\"https:\/\/www.easp.es\/wp-content\/uploads\/2018\/06\/dolorv3.pdf\" target=\"_blank\" rel=\"noopener\">https:\/\/www.easp.es\/wp-content\/uploads\/2018\/06\/dolorv3.pdf<\/a><\/strong><\/span><\/p>\n<p>&nbsp;<\/p>\n<p>Os esperamos \u00a1\u00a1\u00a1\u00a1\u00a1<\/p>\n<p>Un c\u00e1lido abrazo y feliz verano \u00a1\u00a1<\/p>\n<p>Jos\u00e9 Luis Bimbela Pedrola<\/p>\n<p>&nbsp;<\/p>\n<p>&nbsp;<\/p>\n","protected":false},"excerpt":{"rendered":"<p>Es un enorme placer anunciaros 2 Jornadas que hemos organizado para el pr\u00f3ximo mes de Octubre en la Escuela Andaluza de Salud P\u00fablica: 1.- Mi\u00e9rcoles 10 de Octubre D\u00eda Mundial de la Salud Mental SALUD EMOCIONAL Y J\u00d3VENES https:\/\/www.easp.es\/wp-content\/uploads\/2018\/07\/jovenesv2.pdf &nbsp; 2.- Mi\u00e9rcoles 17 de Octubre D\u00eda Mundial Contra el Dolor DOLOR EN LA INFANCIA Y &hellip; <a href=\"https:\/\/www.easp.es\/web\/bimbela\/2018\/06\/llega-el-verano-con-noticias-del-otono\/\" class=\"more-link\">Continuar leyendo<span class=\"screen-reader-text\"> \u00abLLEGA EL VERANO CON NOTICIAS DEL OTO\u00d1O\u00bb<\/span><\/a><\/p>\n","protected":false},"author":2,"featured_media":0,"comment_status":"open","ping_status":"open","sticky":false,"template":"","format":"standard","meta":{"footnotes":""},"categories":[3],"tags":[],"class_list":["post-1079","post","type-post","status-publish","format-standard","hentry","category-general"],"_links":{"self":[{"href":"https:\/\/www.easp.es\/web\/bimbela\/wp-json\/wp\/v2\/posts\/1079","targetHints":{"allow":["GET"]}}],"collection":[{"href":"https:\/\/www.easp.es\/web\/bimbela\/wp-json\/wp\/v2\/posts"}],"about":[{"href":"https:\/\/www.easp.es\/web\/bimbela\/wp-json\/wp\/v2\/types\/post"}],"author":[{"embeddable":true,"href":"https:\/\/www.easp.es\/web\/bimbela\/wp-json\/wp\/v2\/users\/2"}],"replies":[{"embeddable":true,"href":"https:\/\/www.easp.es\/web\/bimbela\/wp-json\/wp\/v2\/comments?post=1079"}],"version-history":[{"count":13,"href":"https:\/\/www.easp.es\/web\/bimbela\/wp-json\/wp\/v2\/posts\/1079\/revisions"}],"predecessor-version":[{"id":1111,"href":"https:\/\/www.easp.es\/web\/bimbela\/wp-json\/wp\/v2\/posts\/1079\/revisions\/1111"}],"wp:attachment":[{"href":"https:\/\/www.easp.es\/web\/bimbela\/wp-json\/wp\/v2\/media?parent=1079"}],"wp:term":[{"taxonomy":"category","embeddable":true,"href":"https:\/\/www.easp.es\/web\/bimbela\/wp-json\/wp\/v2\/categories?post=1079"},{"taxonomy":"post_tag","embeddable":true,"href":"https:\/\/www.easp.es\/web\/bimbela\/wp-json\/wp\/v2\/tags?post=1079"}],"curies":[{"name":"wp","href":"https:\/\/api.w.org\/{rel}","templated":true}]}}