{"id":1141,"date":"2018-10-11T16:58:55","date_gmt":"2018-10-11T16:58:55","guid":{"rendered":"https:\/\/www.easp.es\/web\/bimbela\/?p=1141"},"modified":"2018-10-12T07:22:41","modified_gmt":"2018-10-12T07:22:41","slug":"novedades-mcsa-nuevas-fechas","status":"publish","type":"post","link":"https:\/\/www.easp.es\/web\/bimbela\/2018\/10\/novedades-mcsa-nuevas-fechas\/","title":{"rendered":"NOVEDADES MCSA &#8211; NUEVAS FECHAS"},"content":{"rendered":"<p>El M\u00e1ster (propio) de Comunicaci\u00f3n para la Salud y el Aprendizaje (<strong><span style=\"color: #0000ff\">MCSA<\/span><\/strong>) que organizamos la Escuela Andaluza de Salud P\u00fablica (<strong><span style=\"color: #008000\">EASP<\/span><\/strong>), la Universidad de Granada (<strong>UGR<\/strong>) y la Sociedad Espa\u00f1ola de Medicina Familiar y Comunitaria (<strong><span style=\"color: #ff0000\">SEMFYC<\/span><\/strong>) tiene nueva fecha de inicio: <strong><span style=\"color: #800080\">MARZO de 2019<\/span><\/strong>.<\/p>\n<p>Y aqu\u00ed est\u00e1 el nuevo enlace para la inscripci\u00f3n:<\/p>\n<p><span style=\"color: #0000ff\"><strong>https:\/\/www.easp.edu.es\/programadocente\/preinscripcion\/?idCurso=RgDd9TEtxy9FCALi9mQnxL4V24nNRdKJ6vxi8y8n62Q%3d<\/strong><\/span><\/p>\n<p>Tendr\u00e1 modalidad Semi-presencial<span style=\"font-size: 1rem\">\u00a0y se iniciar\u00e1 en\u00a0<\/span><strong style=\"font-size: 1rem\">MARZO de 2019 para finalizar en OCTUBRE de 2020.<\/strong><\/p>\n<p>Contempla la realizaci\u00f3n de <strong>6 M\u00f3dulos<\/strong>:<\/p>\n<p><strong>1) Comunicaci\u00f3n con alma; <\/strong><\/p>\n<p><strong>2) Marco general de la comunicaci\u00f3n; <\/strong><\/p>\n<p><strong>3) Comunicaci\u00f3n aplicada en el entorno de la salud; <\/strong><\/p>\n<p><strong>4) Aprender y Ense\u00f1ar en Comunicaci\u00f3n; <\/strong><\/p>\n<p><strong>5) Investigaci\u00f3n en Comunicaci\u00f3n; y <\/strong><\/p>\n<p><strong>6) Trabajo final. <\/strong><\/p>\n<p>Se dirige a todos\/as aquellos\/as profesionales Socio-sanitarios\/as y Formadores\/as que deseen mejorar sus habilidades emocionales (comunicaci\u00f3n intra-personal), sus habilidades comunicacionales (comunicaci\u00f3n inter-personal); y sus habilidades docentes para formar, educar y motivar cambios.<\/p>\n<p>JL Bimbela<\/p>\n<p>&nbsp;<\/p>\n","protected":false},"excerpt":{"rendered":"<p>El M\u00e1ster (propio) de Comunicaci\u00f3n para la Salud y el Aprendizaje (MCSA) que organizamos la Escuela Andaluza de Salud P\u00fablica (EASP), la Universidad de Granada (UGR) y la Sociedad Espa\u00f1ola de Medicina Familiar y Comunitaria (SEMFYC) tiene nueva fecha de inicio: MARZO de 2019. Y aqu\u00ed est\u00e1 el nuevo enlace para la inscripci\u00f3n: https:\/\/www.easp.edu.es\/programadocente\/preinscripcion\/?idCurso=RgDd9TEtxy9FCALi9mQnxL4V24nNRdKJ6vxi8y8n62Q%3d Tendr\u00e1 &hellip; <a href=\"https:\/\/www.easp.es\/web\/bimbela\/2018\/10\/novedades-mcsa-nuevas-fechas\/\" class=\"more-link\">Continuar leyendo<span class=\"screen-reader-text\"> \u00abNOVEDADES MCSA &#8211; NUEVAS FECHAS\u00bb<\/span><\/a><\/p>\n","protected":false},"author":2,"featured_media":0,"comment_status":"open","ping_status":"open","sticky":false,"template":"","format":"standard","meta":{"footnotes":""},"categories":[3],"tags":[],"class_list":["post-1141","post","type-post","status-publish","format-standard","hentry","category-general"],"_links":{"self":[{"href":"https:\/\/www.easp.es\/web\/bimbela\/wp-json\/wp\/v2\/posts\/1141","targetHints":{"allow":["GET"]}}],"collection":[{"href":"https:\/\/www.easp.es\/web\/bimbela\/wp-json\/wp\/v2\/posts"}],"about":[{"href":"https:\/\/www.easp.es\/web\/bimbela\/wp-json\/wp\/v2\/types\/post"}],"author":[{"embeddable":true,"href":"https:\/\/www.easp.es\/web\/bimbela\/wp-json\/wp\/v2\/users\/2"}],"replies":[{"embeddable":true,"href":"https:\/\/www.easp.es\/web\/bimbela\/wp-json\/wp\/v2\/comments?post=1141"}],"version-history":[{"count":5,"href":"https:\/\/www.easp.es\/web\/bimbela\/wp-json\/wp\/v2\/posts\/1141\/revisions"}],"predecessor-version":[{"id":1146,"href":"https:\/\/www.easp.es\/web\/bimbela\/wp-json\/wp\/v2\/posts\/1141\/revisions\/1146"}],"wp:attachment":[{"href":"https:\/\/www.easp.es\/web\/bimbela\/wp-json\/wp\/v2\/media?parent=1141"}],"wp:term":[{"taxonomy":"category","embeddable":true,"href":"https:\/\/www.easp.es\/web\/bimbela\/wp-json\/wp\/v2\/categories?post=1141"},{"taxonomy":"post_tag","embeddable":true,"href":"https:\/\/www.easp.es\/web\/bimbela\/wp-json\/wp\/v2\/tags?post=1141"}],"curies":[{"name":"wp","href":"https:\/\/api.w.org\/{rel}","templated":true}]}}