{"id":1149,"date":"2018-11-01T10:54:35","date_gmt":"2018-11-01T10:54:35","guid":{"rendered":"https:\/\/www.easp.es\/web\/bimbela\/?p=1149"},"modified":"2018-11-03T17:09:12","modified_gmt":"2018-11-03T17:09:12","slug":"el-peso-del-alma","status":"publish","type":"post","link":"https:\/\/www.easp.es\/web\/bimbela\/2018\/11\/el-peso-del-alma\/","title":{"rendered":"EL PESO DEL ALMA"},"content":{"rendered":"<p>Con motivo de la <strong>Jornada sobre el Dolor\u00a0en la infancia y la adolescencia<\/strong>, que celebramos en la Escuela Andaluza de Salud P\u00fablica el pasado 17 de Octubre, la Universidad de Granada ha cedido algunas de las piezas de su Exposici\u00f3n \u00ab<span style=\"color: #0000ff\"><strong>EL PESO DEL ALMA<\/strong><\/span>\u00ab.<\/p>\n<p><img loading=\"lazy\" decoding=\"async\" class=\"aligncenter size-medium wp-image-1150\" src=\"https:\/\/www.easp.es\/web\/bimbela\/wp-content\/uploads\/sites\/3\/2018\/11\/El-peso-del-alma_escuela-andaluza-de-salud-p\u00fablica-2-731x1024-214x300.jpg\" alt=\"\" width=\"214\" height=\"300\" srcset=\"https:\/\/www.easp.es\/web\/bimbela\/wp-content\/uploads\/sites\/3\/2018\/11\/El-peso-del-alma_escuela-andaluza-de-salud-p\u00fablica-2-731x1024-214x300.jpg 214w, https:\/\/www.easp.es\/web\/bimbela\/wp-content\/uploads\/sites\/3\/2018\/11\/El-peso-del-alma_escuela-andaluza-de-salud-p\u00fablica-2-731x1024.jpg 731w, https:\/\/www.easp.es\/web\/bimbela\/wp-content\/uploads\/sites\/3\/2018\/11\/El-peso-del-alma_escuela-andaluza-de-salud-p\u00fablica-2-731x1024-640x897.jpg 640w\" sizes=\"auto, (max-width: 214px) 85vw, 214px\" \/><\/p>\n<p>Las piezas, que han permanecido durante dos semanas en la EASP, nos han permitido reflexionar sobre el cuerpo, la herida, el dolor, la enfermedad y el deterioro.<\/p>\n<p>Como nos recordaba Mar\u00eda Luisa Bellido en el bello texto que acompa\u00f1aba la muestra: <em>\u00abEl sugerente t\u00edtulo hace referencia a los 21 gramos de peso que, seg\u00fan dedujo en 1901 el cient\u00edfico Duncan MacDougall correspond\u00edan al alma, tras pesar a varios pacientes en fase terminal y constatar que su peso disminu\u00eda\u00a021 gramos tras la \u00faltima exhalaci\u00f3n\u00bb<\/em>.<\/p>\n<p>Una exposici\u00f3n emotiva, l\u00facida y sanadora.<\/p>\n<p><img loading=\"lazy\" decoding=\"async\" class=\"aligncenter size-medium wp-image-1155\" src=\"https:\/\/www.easp.es\/web\/bimbela\/wp-content\/uploads\/sites\/3\/2018\/11\/Bimbela-en-Exposici\u00f3n-El-Peso-del-Alma-300x300.jpg\" alt=\"\" width=\"300\" height=\"300\" srcset=\"https:\/\/www.easp.es\/web\/bimbela\/wp-content\/uploads\/sites\/3\/2018\/11\/Bimbela-en-Exposici\u00f3n-El-Peso-del-Alma-300x300.jpg 300w, https:\/\/www.easp.es\/web\/bimbela\/wp-content\/uploads\/sites\/3\/2018\/11\/Bimbela-en-Exposici\u00f3n-El-Peso-del-Alma-150x150.jpg 150w, https:\/\/www.easp.es\/web\/bimbela\/wp-content\/uploads\/sites\/3\/2018\/11\/Bimbela-en-Exposici\u00f3n-El-Peso-del-Alma-768x767.jpg 768w, https:\/\/www.easp.es\/web\/bimbela\/wp-content\/uploads\/sites\/3\/2018\/11\/Bimbela-en-Exposici\u00f3n-El-Peso-del-Alma-1024x1022.jpg 1024w, https:\/\/www.easp.es\/web\/bimbela\/wp-content\/uploads\/sites\/3\/2018\/11\/Bimbela-en-Exposici\u00f3n-El-Peso-del-Alma-640x639.jpg 640w, https:\/\/www.easp.es\/web\/bimbela\/wp-content\/uploads\/sites\/3\/2018\/11\/Bimbela-en-Exposici\u00f3n-El-Peso-del-Alma-1200x1198.jpg 1200w, https:\/\/www.easp.es\/web\/bimbela\/wp-content\/uploads\/sites\/3\/2018\/11\/Bimbela-en-Exposici\u00f3n-El-Peso-del-Alma.jpg 2001w\" sizes=\"auto, (max-width: 300px) 85vw, 300px\" \/><\/p>\n<p>Y hablando de <span style=\"color: #0000ff\"><strong>DOLOR Y ARTE<\/strong><\/span>, una de las intervenciones m\u00e1s esperadas en la Jornada era la de <strong>Chantal Maillard<\/strong>, poeta y ensayista, que iba a realizar una lectura comentada de tu maravillosa obra \u00ab<em><strong>La mujer de pie<\/strong><\/em>\u00ab. Problemas de salud impidieron finalmente su presencia \u00abf\u00edsica\u00bb; s\u00ed tuvimos su presencia \u00abemocional\u00bb a trav\u00e9s de la lectura p\u00fablica de las contundentes palabras que cierran su poema \u00ab<em><strong>Escribir<\/strong><\/em>\u00ab: \u00ab<span style=\"color: #0000ff\"><strong><em>Escribo para que el agua envenenada pueda beberse<\/em><\/strong><\/span>\u00ab.<\/p>\n<p>Y aqu\u00ed y ahora tenemos, en la voz de la propia autora, el poema completo:<\/p>\n<p><strong><span style=\"color: #000000\"><a style=\"color: #000000\" href=\"https:\/\/www.youtube.com\/watch?v=Q7CsKn48L4Y\">https:\/\/www.youtube.com\/watch?v=Q7CsKn48L4Y<\/a><\/span><\/strong><\/p>\n<p>Gracias, Chantal \u00a1\u00a1\u00a1<\/p>\n<p>Jos\u00e9 Luis Bimbela Pedrola<\/p>\n<p>&nbsp;<\/p>\n<p>&nbsp;<\/p>\n","protected":false},"excerpt":{"rendered":"<p>Con motivo de la Jornada sobre el Dolor\u00a0en la infancia y la adolescencia, que celebramos en la Escuela Andaluza de Salud P\u00fablica el pasado 17 de Octubre, la Universidad de Granada ha cedido algunas de las piezas de su Exposici\u00f3n \u00abEL PESO DEL ALMA\u00ab. Las piezas, que han permanecido durante dos semanas en la EASP, &hellip; <a href=\"https:\/\/www.easp.es\/web\/bimbela\/2018\/11\/el-peso-del-alma\/\" class=\"more-link\">Continuar leyendo<span class=\"screen-reader-text\"> \u00abEL PESO DEL ALMA\u00bb<\/span><\/a><\/p>\n","protected":false},"author":2,"featured_media":0,"comment_status":"open","ping_status":"open","sticky":false,"template":"","format":"standard","meta":{"footnotes":""},"categories":[3],"tags":[],"class_list":["post-1149","post","type-post","status-publish","format-standard","hentry","category-general"],"_links":{"self":[{"href":"https:\/\/www.easp.es\/web\/bimbela\/wp-json\/wp\/v2\/posts\/1149","targetHints":{"allow":["GET"]}}],"collection":[{"href":"https:\/\/www.easp.es\/web\/bimbela\/wp-json\/wp\/v2\/posts"}],"about":[{"href":"https:\/\/www.easp.es\/web\/bimbela\/wp-json\/wp\/v2\/types\/post"}],"author":[{"embeddable":true,"href":"https:\/\/www.easp.es\/web\/bimbela\/wp-json\/wp\/v2\/users\/2"}],"replies":[{"embeddable":true,"href":"https:\/\/www.easp.es\/web\/bimbela\/wp-json\/wp\/v2\/comments?post=1149"}],"version-history":[{"count":10,"href":"https:\/\/www.easp.es\/web\/bimbela\/wp-json\/wp\/v2\/posts\/1149\/revisions"}],"predecessor-version":[{"id":1161,"href":"https:\/\/www.easp.es\/web\/bimbela\/wp-json\/wp\/v2\/posts\/1149\/revisions\/1161"}],"wp:attachment":[{"href":"https:\/\/www.easp.es\/web\/bimbela\/wp-json\/wp\/v2\/media?parent=1149"}],"wp:term":[{"taxonomy":"category","embeddable":true,"href":"https:\/\/www.easp.es\/web\/bimbela\/wp-json\/wp\/v2\/categories?post=1149"},{"taxonomy":"post_tag","embeddable":true,"href":"https:\/\/www.easp.es\/web\/bimbela\/wp-json\/wp\/v2\/tags?post=1149"}],"curies":[{"name":"wp","href":"https:\/\/api.w.org\/{rel}","templated":true}]}}