{"id":1175,"date":"2018-12-19T09:13:53","date_gmt":"2018-12-19T09:13:53","guid":{"rendered":"https:\/\/www.easp.es\/web\/bimbela\/?p=1175"},"modified":"2018-12-19T09:22:17","modified_gmt":"2018-12-19T09:22:17","slug":"invierno-feliz-en-las-aulas","status":"publish","type":"post","link":"https:\/\/www.easp.es\/web\/bimbela\/2018\/12\/invierno-feliz-en-las-aulas\/","title":{"rendered":"INVIERNO FELIZ EN LAS AULAS"},"content":{"rendered":"<p>Llega el invierno&#8230;<\/p>\n<p>Y ha sido un gran placer, cerrar el a\u00f1o docente presencial 2018 en el Sal\u00f3n de Grados de la <span style=\"color: #0000ff\"><strong>Facultad de Ciencias de la Salud<\/strong><\/span> de la Universidad de Granada, rodeado de profesores\/as y alumnos\/as con enormes ganas de aprender. Un p\u00fablico atento, entusiasta y cercano. Y comprometido con la <strong><span style=\"color: #0000ff\">\u00c9tica pr\u00e1ctica y la Gesti\u00f3n Emocional Saludable<\/span><\/strong>.<\/p>\n<p>Gracias Profesora <strong>Olga Garc\u00eda<\/strong> por invitarme, gracias Decana <strong>Inmaculada Garc\u00eda<\/strong> por acogerme.<\/p>\n<p>Nos vemos en&#8230; <span style=\"color: #ff0000\"><strong>2019<\/strong><\/span> \u00a1\u00a1\u00a1\u00a1<img loading=\"lazy\" decoding=\"async\" class=\"alignright size-medium wp-image-1177\" src=\"https:\/\/www.easp.es\/web\/bimbela\/wp-content\/uploads\/sites\/3\/2018\/12\/IMG_20181214_202426-300x241.jpg\" alt=\"\" width=\"300\" height=\"241\" srcset=\"https:\/\/www.easp.es\/web\/bimbela\/wp-content\/uploads\/sites\/3\/2018\/12\/IMG_20181214_202426-300x241.jpg 300w, https:\/\/www.easp.es\/web\/bimbela\/wp-content\/uploads\/sites\/3\/2018\/12\/IMG_20181214_202426-768x617.jpg 768w, https:\/\/www.easp.es\/web\/bimbela\/wp-content\/uploads\/sites\/3\/2018\/12\/IMG_20181214_202426-1024x822.jpg 1024w, https:\/\/www.easp.es\/web\/bimbela\/wp-content\/uploads\/sites\/3\/2018\/12\/IMG_20181214_202426-640x514.jpg 640w, https:\/\/www.easp.es\/web\/bimbela\/wp-content\/uploads\/sites\/3\/2018\/12\/IMG_20181214_202426-1200x964.jpg 1200w, https:\/\/www.easp.es\/web\/bimbela\/wp-content\/uploads\/sites\/3\/2018\/12\/IMG_20181214_202426.jpg 1411w\" sizes=\"auto, (max-width: 300px) 85vw, 300px\" \/><\/p>\n<p><img loading=\"lazy\" decoding=\"async\" class=\"alignleft size-medium wp-image-1176\" src=\"https:\/\/www.easp.es\/web\/bimbela\/wp-content\/uploads\/sites\/3\/2018\/12\/IMG-20181123-WA0005-214x300.jpg\" alt=\"\" width=\"214\" height=\"300\" srcset=\"https:\/\/www.easp.es\/web\/bimbela\/wp-content\/uploads\/sites\/3\/2018\/12\/IMG-20181123-WA0005-214x300.jpg 214w, https:\/\/www.easp.es\/web\/bimbela\/wp-content\/uploads\/sites\/3\/2018\/12\/IMG-20181123-WA0005-768x1078.jpg 768w, https:\/\/www.easp.es\/web\/bimbela\/wp-content\/uploads\/sites\/3\/2018\/12\/IMG-20181123-WA0005-730x1024.jpg 730w, https:\/\/www.easp.es\/web\/bimbela\/wp-content\/uploads\/sites\/3\/2018\/12\/IMG-20181123-WA0005-640x898.jpg 640w, https:\/\/www.easp.es\/web\/bimbela\/wp-content\/uploads\/sites\/3\/2018\/12\/IMG-20181123-WA0005.jpg 1140w\" sizes=\"auto, (max-width: 214px) 85vw, 214px\" \/><\/p>\n","protected":false},"excerpt":{"rendered":"<p>Llega el invierno&#8230; Y ha sido un gran placer, cerrar el a\u00f1o docente presencial 2018 en el Sal\u00f3n de Grados de la Facultad de Ciencias de la Salud de la Universidad de Granada, rodeado de profesores\/as y alumnos\/as con enormes ganas de aprender. Un p\u00fablico atento, entusiasta y cercano. Y comprometido con la \u00c9tica pr\u00e1ctica &hellip; <a href=\"https:\/\/www.easp.es\/web\/bimbela\/2018\/12\/invierno-feliz-en-las-aulas\/\" class=\"more-link\">Continuar leyendo<span class=\"screen-reader-text\"> \u00abINVIERNO FELIZ EN LAS AULAS\u00bb<\/span><\/a><\/p>\n","protected":false},"author":2,"featured_media":0,"comment_status":"open","ping_status":"open","sticky":false,"template":"","format":"standard","meta":{"footnotes":""},"categories":[3],"tags":[],"class_list":["post-1175","post","type-post","status-publish","format-standard","hentry","category-general"],"_links":{"self":[{"href":"https:\/\/www.easp.es\/web\/bimbela\/wp-json\/wp\/v2\/posts\/1175","targetHints":{"allow":["GET"]}}],"collection":[{"href":"https:\/\/www.easp.es\/web\/bimbela\/wp-json\/wp\/v2\/posts"}],"about":[{"href":"https:\/\/www.easp.es\/web\/bimbela\/wp-json\/wp\/v2\/types\/post"}],"author":[{"embeddable":true,"href":"https:\/\/www.easp.es\/web\/bimbela\/wp-json\/wp\/v2\/users\/2"}],"replies":[{"embeddable":true,"href":"https:\/\/www.easp.es\/web\/bimbela\/wp-json\/wp\/v2\/comments?post=1175"}],"version-history":[{"count":4,"href":"https:\/\/www.easp.es\/web\/bimbela\/wp-json\/wp\/v2\/posts\/1175\/revisions"}],"predecessor-version":[{"id":2531,"href":"https:\/\/www.easp.es\/web\/bimbela\/wp-json\/wp\/v2\/posts\/1175\/revisions\/2531"}],"wp:attachment":[{"href":"https:\/\/www.easp.es\/web\/bimbela\/wp-json\/wp\/v2\/media?parent=1175"}],"wp:term":[{"taxonomy":"category","embeddable":true,"href":"https:\/\/www.easp.es\/web\/bimbela\/wp-json\/wp\/v2\/categories?post=1175"},{"taxonomy":"post_tag","embeddable":true,"href":"https:\/\/www.easp.es\/web\/bimbela\/wp-json\/wp\/v2\/tags?post=1175"}],"curies":[{"name":"wp","href":"https:\/\/api.w.org\/{rel}","templated":true}]}}