{"id":1282,"date":"2019-07-04T06:03:42","date_gmt":"2019-07-04T06:03:42","guid":{"rendered":"https:\/\/www.easp.es\/web\/bimbela\/?p=1282"},"modified":"2019-07-04T06:09:26","modified_gmt":"2019-07-04T06:09:26","slug":"vuelve-un-clasico","status":"publish","type":"post","link":"https:\/\/www.easp.es\/web\/bimbela\/2019\/07\/vuelve-un-clasico\/","title":{"rendered":"\u00a1\u00a1 VUELVE UN CL\u00c1SICO !!"},"content":{"rendered":"<p>Confirmado: Este a\u00f1o vamos a realizar tambi\u00e9n el curso <span style=\"color: #0000ff\">100% VIRTUAL<\/span> \u00ab<span style=\"color: #0000ff\"><strong>GESTI\u00d3N DE EMOCIONES Y PERSONAS. Nivel avanzado<\/strong><\/span>\u00ab, un curso con una duraci\u00f3n de <span style=\"color: #0000ff\">60 horas<\/span> y que, en 2019, se desarrollar\u00e1 desde el <span style=\"color: #0000ff\">30 de septiembre hasta el 23 de diciembre<\/span>.<\/p>\n<p>Un curso especialmente indicado para profesionales que gestionan equipos y personas; y que quieren aprender tambi\u00e9n a gestionar saludablemente sus propias emociones para convertirse en \u00ab<span style=\"color: #ff0000\"><strong>l\u00edderes resonantes<\/strong><\/span>\u00bb para <span style=\"color: #ff0000\">contagiar<\/span>\u00a0 <span style=\"color: #ff0000\">entusiasmo, motivaci\u00f3n, compromiso, optimismo y confianza. <\/span><\/p>\n<p>Informaci\u00f3n m\u00e1s detallada e inscripciones en el siguiente enlace:<\/p>\n<p><a href=\"http:\/\/www.easp.es\/cursos\/?idCurso=140302NA19\">http:\/\/www.easp.es\/cursos\/?idCurso=140302NA19<\/a><\/p>\n<p>\u00a1\u00a1 Os esperamos \u00a1\u00a1<\/p>\n<p>Jos\u00e9 Luis Bimbela Pedrola<\/p>\n","protected":false},"excerpt":{"rendered":"<p>Confirmado: Este a\u00f1o vamos a realizar tambi\u00e9n el curso 100% VIRTUAL \u00abGESTI\u00d3N DE EMOCIONES Y PERSONAS. Nivel avanzado\u00ab, un curso con una duraci\u00f3n de 60 horas y que, en 2019, se desarrollar\u00e1 desde el 30 de septiembre hasta el 23 de diciembre. Un curso especialmente indicado para profesionales que gestionan equipos y personas; y que &hellip; <a href=\"https:\/\/www.easp.es\/web\/bimbela\/2019\/07\/vuelve-un-clasico\/\" class=\"more-link\">Continuar leyendo<span class=\"screen-reader-text\"> \u00ab\u00a1\u00a1 VUELVE UN CL\u00c1SICO !!\u00bb<\/span><\/a><\/p>\n","protected":false},"author":2,"featured_media":0,"comment_status":"open","ping_status":"open","sticky":false,"template":"","format":"standard","meta":{"footnotes":""},"categories":[3],"tags":[],"class_list":["post-1282","post","type-post","status-publish","format-standard","hentry","category-general"],"_links":{"self":[{"href":"https:\/\/www.easp.es\/web\/bimbela\/wp-json\/wp\/v2\/posts\/1282","targetHints":{"allow":["GET"]}}],"collection":[{"href":"https:\/\/www.easp.es\/web\/bimbela\/wp-json\/wp\/v2\/posts"}],"about":[{"href":"https:\/\/www.easp.es\/web\/bimbela\/wp-json\/wp\/v2\/types\/post"}],"author":[{"embeddable":true,"href":"https:\/\/www.easp.es\/web\/bimbela\/wp-json\/wp\/v2\/users\/2"}],"replies":[{"embeddable":true,"href":"https:\/\/www.easp.es\/web\/bimbela\/wp-json\/wp\/v2\/comments?post=1282"}],"version-history":[{"count":3,"href":"https:\/\/www.easp.es\/web\/bimbela\/wp-json\/wp\/v2\/posts\/1282\/revisions"}],"predecessor-version":[{"id":1285,"href":"https:\/\/www.easp.es\/web\/bimbela\/wp-json\/wp\/v2\/posts\/1282\/revisions\/1285"}],"wp:attachment":[{"href":"https:\/\/www.easp.es\/web\/bimbela\/wp-json\/wp\/v2\/media?parent=1282"}],"wp:term":[{"taxonomy":"category","embeddable":true,"href":"https:\/\/www.easp.es\/web\/bimbela\/wp-json\/wp\/v2\/categories?post=1282"},{"taxonomy":"post_tag","embeddable":true,"href":"https:\/\/www.easp.es\/web\/bimbela\/wp-json\/wp\/v2\/tags?post=1282"}],"curies":[{"name":"wp","href":"https:\/\/api.w.org\/{rel}","templated":true}]}}