{"id":1288,"date":"2019-07-10T08:57:12","date_gmt":"2019-07-10T08:57:12","guid":{"rendered":"https:\/\/www.easp.es\/web\/bimbela\/?p=1288"},"modified":"2019-07-18T05:58:02","modified_gmt":"2019-07-18T05:58:02","slug":"dolor-y-salud-en-el-siglo-xxi","status":"publish","type":"post","link":"https:\/\/www.easp.es\/web\/bimbela\/2019\/07\/dolor-y-salud-en-el-siglo-xxi\/","title":{"rendered":"DOLOR Y SALUD EN EL SIGLO XXI"},"content":{"rendered":"<p>El pr\u00f3ximo <strong><u>17 de Octubre<\/u><\/strong>, con motivo del <strong>D\u00eda Mundial contra el Dolor<\/strong>, celebraremos, en la <span style=\"color: #008000\"><strong>Escuela Andaluza de Salud P\u00fablica (EASP)<\/strong> <\/span>en Granada, una Jornada (\u201c<span style=\"color: #0000ff\"><strong><em>Dolor y salud en el siglo XXI<\/em><\/strong><\/span>\u201d) en la que se presentar\u00e1n las l\u00edneas maestras del nuevo Plan Andaluz del Dolor. Adem\u00e1s, se ofrecer\u00e1n marcos conceptuales y evidencias cient\u00edficas que garanticen el uso racional tanto de medicamentos, como de estrategias relacionadas con las distintas dimensiones de la salud (f\u00edsicas, emocionales, sociales y espirituales). Finalmente, se desarrollar\u00e1n talleres (consecutivos y simult\u00e1neos para que todas las personas asistentes puedan disfrutarlos) en los que se entrenar\u00e1n habilidades concretas en cada una de las dimensiones citadas. Para cerrar la jornada, compartiremos las experiencias de profesionales que tambi\u00e9n son pacientes, y que han logrado hacer\u00a0 compatible su dolor con su felicidad.<\/p>\n<p>Adjunto <strong>PROGRAMA<\/strong> detallado con enlace para la inscripci\u00f3n:<\/p>\n<p><a href=\"https:\/\/www.easp.es\/wp-content\/uploads\/2019\/07\/dolor-2019.pdf\">https:\/\/www.easp.es\/wp-content\/uploads\/2019\/07\/dolor-2019.pdf<\/a><\/p>\n<p>\u00a1\u00a1 Os esperamos !!<\/p>\n<p>Un c\u00e1lido y fuerte abrazo desde Granada<\/p>\n<p>Jos\u00e9 Luis Bimbela Pedrola<\/p>\n<p>&nbsp;<\/p>\n","protected":false},"excerpt":{"rendered":"<p>El pr\u00f3ximo 17 de Octubre, con motivo del D\u00eda Mundial contra el Dolor, celebraremos, en la Escuela Andaluza de Salud P\u00fablica (EASP) en Granada, una Jornada (\u201cDolor y salud en el siglo XXI\u201d) en la que se presentar\u00e1n las l\u00edneas maestras del nuevo Plan Andaluz del Dolor. Adem\u00e1s, se ofrecer\u00e1n marcos conceptuales y evidencias cient\u00edficas &hellip; <a href=\"https:\/\/www.easp.es\/web\/bimbela\/2019\/07\/dolor-y-salud-en-el-siglo-xxi\/\" class=\"more-link\">Continuar leyendo<span class=\"screen-reader-text\"> \u00abDOLOR Y SALUD EN EL SIGLO XXI\u00bb<\/span><\/a><\/p>\n","protected":false},"author":2,"featured_media":0,"comment_status":"open","ping_status":"open","sticky":false,"template":"","format":"standard","meta":{"footnotes":""},"categories":[3],"tags":[],"class_list":["post-1288","post","type-post","status-publish","format-standard","hentry","category-general"],"_links":{"self":[{"href":"https:\/\/www.easp.es\/web\/bimbela\/wp-json\/wp\/v2\/posts\/1288","targetHints":{"allow":["GET"]}}],"collection":[{"href":"https:\/\/www.easp.es\/web\/bimbela\/wp-json\/wp\/v2\/posts"}],"about":[{"href":"https:\/\/www.easp.es\/web\/bimbela\/wp-json\/wp\/v2\/types\/post"}],"author":[{"embeddable":true,"href":"https:\/\/www.easp.es\/web\/bimbela\/wp-json\/wp\/v2\/users\/2"}],"replies":[{"embeddable":true,"href":"https:\/\/www.easp.es\/web\/bimbela\/wp-json\/wp\/v2\/comments?post=1288"}],"version-history":[{"count":3,"href":"https:\/\/www.easp.es\/web\/bimbela\/wp-json\/wp\/v2\/posts\/1288\/revisions"}],"predecessor-version":[{"id":1292,"href":"https:\/\/www.easp.es\/web\/bimbela\/wp-json\/wp\/v2\/posts\/1288\/revisions\/1292"}],"wp:attachment":[{"href":"https:\/\/www.easp.es\/web\/bimbela\/wp-json\/wp\/v2\/media?parent=1288"}],"wp:term":[{"taxonomy":"category","embeddable":true,"href":"https:\/\/www.easp.es\/web\/bimbela\/wp-json\/wp\/v2\/categories?post=1288"},{"taxonomy":"post_tag","embeddable":true,"href":"https:\/\/www.easp.es\/web\/bimbela\/wp-json\/wp\/v2\/tags?post=1288"}],"curies":[{"name":"wp","href":"https:\/\/api.w.org\/{rel}","templated":true}]}}