{"id":1311,"date":"2019-10-03T08:18:27","date_gmt":"2019-10-03T08:18:27","guid":{"rendered":"https:\/\/www.easp.es\/web\/bimbela\/?p=1311"},"modified":"2019-11-05T17:03:15","modified_gmt":"2019-11-05T17:03:15","slug":"otono-viajero-y-apasionante","status":"publish","type":"post","link":"https:\/\/www.easp.es\/web\/bimbela\/2019\/10\/otono-viajero-y-apasionante\/","title":{"rendered":"OTO\u00d1O VIAJERO Y APASIONANTE&#8230;"},"content":{"rendered":"<p><strong>1.- LAS PALMAS DE GRAN CANARIA.<\/strong><\/p>\n<p>Emotiva y muy fruct\u00edfera estancia en el Hospital Universitario Insular-Materno Infantil:<\/p>\n<p>&#8211; Conferencia \u00ab<span style=\"color: #0000ff\"><em><strong>\u00c9tica pr\u00e1ctica<\/strong><\/em><\/span>\u00bb y Taller \u00ab<span style=\"color: #0000ff\"><em><strong>Metodolog\u00edas grupales para facilitar aprendizajes duraderos<\/strong><\/em><\/span>\u00ab.<\/p>\n<p><strong><span style=\"color: #ff0000\">Gracias Sergio, gracias Carlos.\u00a0\u00a0\u00a0\u00a0\u00a0\u00a0\u00a0\u00a0\u00a0\u00a0\u00a0\u00a0\u00a0\u00a0\u00a0\u00a0\u00a0\u00a0\u00a0\u00a0\u00a0\u00a0\u00a0\u00a0\u00a0\u00a0\u00a0\u00a0\u00a0\u00a0\u00a0\u00a0\u00a0\u00a0\u00a0\u00a0\u00a0\u00a0\u00a0\u00a0\u00a0\u00a0\u00a0\u00a0\u00a0\u00a0\u00a0\u00a0\u00a0\u00a0\u00a0\u00a0\u00a0\u00a0\u00a0\u00a0\u00a0\u00a0\u00a0\u00a0\u00a0\u00a0\u00a0\u00a0\u00a0\u00a0\u00a0\u00a0\u00a0\u00a0\u00a0\u00a0\u00a0\u00a0\u00a0\u00a0\u00a0\u00a0\u00a0\u00a0\u00a0\u00a0\u00a0\u00a0\u00a0\u00a0\u00a0\u00a0\u00a0\u00a0\u00a0 <span style=\"color: #000000\">Por vuestro esfuerzo y vuestro entusiasmo; y por ese fant\u00e1stico <span style=\"color: #0000ff\">Proyecto de Humanizaci\u00f3n<\/span> que me llena (como vosotros) de energ\u00eda y de sentido.<\/span> <\/span><\/strong><\/p>\n<p><img loading=\"lazy\" decoding=\"async\" class=\"alignleft size-medium wp-image-1312\" src=\"https:\/\/www.easp.es\/web\/bimbela\/wp-content\/uploads\/sites\/3\/2019\/10\/Las-Palmas-1-213x300.jpg\" alt=\"\" width=\"213\" height=\"300\" srcset=\"https:\/\/www.easp.es\/web\/bimbela\/wp-content\/uploads\/sites\/3\/2019\/10\/Las-Palmas-1-213x300.jpg 213w, https:\/\/www.easp.es\/web\/bimbela\/wp-content\/uploads\/sites\/3\/2019\/10\/Las-Palmas-1.jpg 480w\" sizes=\"auto, (max-width: 213px) 85vw, 213px\" \/><\/p>\n<p><img loading=\"lazy\" decoding=\"async\" class=\"alignright size-medium wp-image-1313\" src=\"https:\/\/www.easp.es\/web\/bimbela\/wp-content\/uploads\/sites\/3\/2019\/10\/Las-Palmas-2-300x170.jpg\" alt=\"\" width=\"300\" height=\"170\" srcset=\"https:\/\/www.easp.es\/web\/bimbela\/wp-content\/uploads\/sites\/3\/2019\/10\/Las-Palmas-2-300x170.jpg 300w, https:\/\/www.easp.es\/web\/bimbela\/wp-content\/uploads\/sites\/3\/2019\/10\/Las-Palmas-2.jpg 640w\" sizes=\"auto, (max-width: 300px) 85vw, 300px\" \/><\/p>\n<p>&nbsp;<\/p>\n<p>&nbsp;<\/p>\n<p>&nbsp;<\/p>\n<p>&nbsp;<\/p>\n<p>&nbsp;<\/p>\n<p>&nbsp;<\/p>\n<p>&nbsp;<\/p>\n<p><strong>2.- TOLEDO.<\/strong><\/p>\n<p>Creativa y muy gratificante estancia en Toledo: Ayuntamiento, Centro Cultural San Marcos, Biblioteca&#8230;<\/p>\n<p>&#8211; Sesi\u00f3n \u00ab<strong><span style=\"color: #0000ff\"><em>La gesti\u00f3n de las emociones en los profesionales<\/em><\/span><\/strong>\u00ab.<\/p>\n<p><strong><span style=\"color: #ff0000\">Gracias Luz, gracias \u00c1ngela.\u00a0<\/span> \u00a0\u00a0\u00a0\u00a0\u00a0\u00a0\u00a0\u00a0\u00a0\u00a0\u00a0\u00a0\u00a0\u00a0\u00a0\u00a0\u00a0\u00a0\u00a0\u00a0\u00a0\u00a0\u00a0\u00a0\u00a0\u00a0\u00a0\u00a0\u00a0\u00a0\u00a0\u00a0\u00a0\u00a0\u00a0\u00a0\u00a0\u00a0\u00a0\u00a0\u00a0\u00a0\u00a0\u00a0\u00a0\u00a0\u00a0\u00a0\u00a0\u00a0\u00a0\u00a0\u00a0\u00a0\u00a0\u00a0\u00a0\u00a0\u00a0\u00a0\u00a0\u00a0\u00a0\u00a0\u00a0\u00a0\u00a0\u00a0\u00a0\u00a0\u00a0\u00a0\u00a0\u00a0\u00a0\u00a0\u00a0\u00a0\u00a0\u00a0\u00a0\u00a0\u00a0\u00a0\u00a0\u00a0\u00a0\u00a0\u00a0\u00a0 Por vuestras letras y vuestras m\u00fasicas; y por ese maravilloso <span style=\"color: #0000ff\">Proyecto de Intervenci\u00f3n Comunitaria Intercultural<\/span> que me lleg\u00f3 (como vosotras) al alma. \u00a0\u00a0\u00a0\u00a0\u00a0\u00a0\u00a0\u00a0\u00a0\u00a0\u00a0\u00a0<\/strong><\/p>\n<p><strong><img loading=\"lazy\" decoding=\"async\" class=\"aligncenter size-medium wp-image-1315\" src=\"https:\/\/www.easp.es\/web\/bimbela\/wp-content\/uploads\/sites\/3\/2019\/10\/Toledo-2-300x170.jpg\" alt=\"\" width=\"300\" height=\"170\" srcset=\"https:\/\/www.easp.es\/web\/bimbela\/wp-content\/uploads\/sites\/3\/2019\/10\/Toledo-2-300x170.jpg 300w, https:\/\/www.easp.es\/web\/bimbela\/wp-content\/uploads\/sites\/3\/2019\/10\/Toledo-2.jpg 640w\" sizes=\"auto, (max-width: 300px) 85vw, 300px\" \/>\u00a0\u00a0\u00a0\u00a0\u00a0\u00a0\u00a0\u00a0\u00a0\u00a0\u00a0\u00a0\u00a0\u00a0\u00a0\u00a0\u00a0\u00a0\u00a0\u00a0\u00a0\u00a0\u00a0\u00a0\u00a0\u00a0<\/strong><\/p>\n<p><strong>3.- SANTIAGO DE COMPOSTELA.<\/strong><\/p>\n<p>Impactante y muy sanadora estancia en Santiago de Compostela: Facultad de Filosof\u00eda de la Universidad de Santiago.<\/p>\n<p>&#8211; Conferencia \u00ab<strong><span style=\"color: #0000ff\"><em>\u00c9tica pr\u00e1ctica <\/em><em>para una mejor comunicaci\u00f3n en el \u00e1mbito socio-sanitario<\/em><\/span><\/strong>\u00ab.<\/p>\n<p><strong><span style=\"color: #ff0000\">Gracias Bego\u00f1a, gracias FEGADACE (Federaci\u00f3n Gallega de Da\u00f1o Cerebral). <\/span><\/strong><strong>\u00a0 Por vuestra entrega y bondad; y por ese maravilloso <span style=\"color: #0000ff\">Trabajo Diario<\/span> con familias y con personas con da\u00f1o cerebral que tanto me conmovi\u00f3.<\/strong><\/p>\n<p><strong><img loading=\"lazy\" decoding=\"async\" class=\"alignleft size-medium wp-image-1316\" src=\"https:\/\/www.easp.es\/web\/bimbela\/wp-content\/uploads\/sites\/3\/2019\/10\/Santiago-1-225x300.jpg\" alt=\"\" width=\"225\" height=\"300\" srcset=\"https:\/\/www.easp.es\/web\/bimbela\/wp-content\/uploads\/sites\/3\/2019\/10\/Santiago-1-225x300.jpg 225w, https:\/\/www.easp.es\/web\/bimbela\/wp-content\/uploads\/sites\/3\/2019\/10\/Santiago-1.jpg 640w\" sizes=\"auto, (max-width: 225px) 85vw, 225px\" \/><img loading=\"lazy\" decoding=\"async\" class=\"alignright size-medium wp-image-1317\" src=\"https:\/\/www.easp.es\/web\/bimbela\/wp-content\/uploads\/sites\/3\/2019\/10\/Santiago-2-300x225.jpg\" alt=\"\" width=\"300\" height=\"225\" srcset=\"https:\/\/www.easp.es\/web\/bimbela\/wp-content\/uploads\/sites\/3\/2019\/10\/Santiago-2-300x225.jpg 300w, https:\/\/www.easp.es\/web\/bimbela\/wp-content\/uploads\/sites\/3\/2019\/10\/Santiago-2.jpg 640w\" sizes=\"auto, (max-width: 300px) 85vw, 300px\" \/><br \/>\n<\/strong><\/p>\n<p><strong>\u00a0\u00a0\u00a0\u00a0\u00a0\u00a0\u00a0\u00a0\u00a0<\/strong><\/p>\n<p>&nbsp;<\/p>\n<p><strong>CONTINUAR\u00c1&#8230;<br \/>\n<\/strong><\/p>\n","protected":false},"excerpt":{"rendered":"<p>1.- LAS PALMAS DE GRAN CANARIA. Emotiva y muy fruct\u00edfera estancia en el Hospital Universitario Insular-Materno Infantil: &#8211; Conferencia \u00ab\u00c9tica pr\u00e1ctica\u00bb y Taller \u00abMetodolog\u00edas grupales para facilitar aprendizajes duraderos\u00ab. Gracias Sergio, gracias Carlos.\u00a0\u00a0\u00a0\u00a0\u00a0\u00a0\u00a0\u00a0\u00a0\u00a0\u00a0\u00a0\u00a0\u00a0\u00a0\u00a0\u00a0\u00a0\u00a0\u00a0\u00a0\u00a0\u00a0\u00a0\u00a0\u00a0\u00a0\u00a0\u00a0\u00a0\u00a0\u00a0\u00a0\u00a0\u00a0\u00a0\u00a0\u00a0\u00a0\u00a0\u00a0\u00a0\u00a0\u00a0\u00a0\u00a0\u00a0\u00a0\u00a0\u00a0\u00a0\u00a0\u00a0\u00a0\u00a0\u00a0\u00a0\u00a0\u00a0\u00a0\u00a0\u00a0\u00a0\u00a0\u00a0\u00a0\u00a0\u00a0\u00a0\u00a0\u00a0\u00a0\u00a0\u00a0\u00a0\u00a0\u00a0\u00a0\u00a0\u00a0\u00a0\u00a0\u00a0\u00a0\u00a0\u00a0\u00a0\u00a0\u00a0\u00a0\u00a0 Por vuestro esfuerzo y vuestro entusiasmo; y por ese fant\u00e1stico Proyecto de Humanizaci\u00f3n que me llena (como vosotros) de energ\u00eda y de &hellip; <a href=\"https:\/\/www.easp.es\/web\/bimbela\/2019\/10\/otono-viajero-y-apasionante\/\" class=\"more-link\">Continuar leyendo<span class=\"screen-reader-text\"> \u00abOTO\u00d1O VIAJERO Y APASIONANTE&#8230;\u00bb<\/span><\/a><\/p>\n","protected":false},"author":2,"featured_media":0,"comment_status":"open","ping_status":"open","sticky":false,"template":"","format":"standard","meta":{"footnotes":""},"categories":[3],"tags":[],"class_list":["post-1311","post","type-post","status-publish","format-standard","hentry","category-general"],"_links":{"self":[{"href":"https:\/\/www.easp.es\/web\/bimbela\/wp-json\/wp\/v2\/posts\/1311","targetHints":{"allow":["GET"]}}],"collection":[{"href":"https:\/\/www.easp.es\/web\/bimbela\/wp-json\/wp\/v2\/posts"}],"about":[{"href":"https:\/\/www.easp.es\/web\/bimbela\/wp-json\/wp\/v2\/types\/post"}],"author":[{"embeddable":true,"href":"https:\/\/www.easp.es\/web\/bimbela\/wp-json\/wp\/v2\/users\/2"}],"replies":[{"embeddable":true,"href":"https:\/\/www.easp.es\/web\/bimbela\/wp-json\/wp\/v2\/comments?post=1311"}],"version-history":[{"count":4,"href":"https:\/\/www.easp.es\/web\/bimbela\/wp-json\/wp\/v2\/posts\/1311\/revisions"}],"predecessor-version":[{"id":1331,"href":"https:\/\/www.easp.es\/web\/bimbela\/wp-json\/wp\/v2\/posts\/1311\/revisions\/1331"}],"wp:attachment":[{"href":"https:\/\/www.easp.es\/web\/bimbela\/wp-json\/wp\/v2\/media?parent=1311"}],"wp:term":[{"taxonomy":"category","embeddable":true,"href":"https:\/\/www.easp.es\/web\/bimbela\/wp-json\/wp\/v2\/categories?post=1311"},{"taxonomy":"post_tag","embeddable":true,"href":"https:\/\/www.easp.es\/web\/bimbela\/wp-json\/wp\/v2\/tags?post=1311"}],"curies":[{"name":"wp","href":"https:\/\/api.w.org\/{rel}","templated":true}]}}