{"id":1323,"date":"2019-10-23T08:00:09","date_gmt":"2019-10-23T08:00:09","guid":{"rendered":"https:\/\/www.easp.es\/web\/bimbela\/?p=1323"},"modified":"2019-10-23T08:00:09","modified_gmt":"2019-10-23T08:00:09","slug":"y-efectivamente-ha-continuado-el-viaje","status":"publish","type":"post","link":"https:\/\/www.easp.es\/web\/bimbela\/2019\/10\/y-efectivamente-ha-continuado-el-viaje\/","title":{"rendered":"Y, EFECTIVAMENTE, HA CONTINUADO EL VIAJE&#8230;"},"content":{"rendered":"<p>Primero, en Barcelona (Santa Coloma de Gramenet) colaborando, un a\u00f1o m\u00e1s, con el fant\u00e1stico proyecto de <span style=\"color: #ff0000\"><strong>Intervenci\u00f3n Comunitaria Intercultural (ICI)<\/strong><\/span> promovido por la Fundaci\u00f3 Carta de la Pau dirigida a l&#8217;ONU, la Obra Social \u00abla Caixa\u00bb y el Ayuntamiento de Santa Coloma de Gramenet.<\/p>\n<p>Mi aportaci\u00f3n: Una Conferencia-taller titulada \u00ab<em><span style=\"color: #0000ff\"><strong>YO CONTIGO<\/strong><\/span><\/em>\u00ab; y subtitulada: \u00ab<span style=\"color: #0000ff\"><strong><em>La intervenci\u00f3n comunitaria, que dec\u00edamos en 2017 que empezaba por uno\/a mismo\/a, contin\u00fa<\/em><\/strong><\/span><span style=\"color: #0000ff\"><strong><em>a en 2019 con los otros<\/em><\/strong><\/span>\u00ab.<\/p>\n<p>Gracias <strong>Laia<\/strong>, gracias<strong> Lara<\/strong>, gracias <strong>Cristina<\/strong>.<\/p>\n<p><img loading=\"lazy\" decoding=\"async\" class=\"aligncenter size-medium wp-image-1324\" src=\"https:\/\/www.easp.es\/web\/bimbela\/wp-content\/uploads\/sites\/3\/2019\/10\/Jornada-SALUD-COMUNITARIA-ICI-BCN-300x169.jpg\" alt=\"\" width=\"300\" height=\"169\" srcset=\"https:\/\/www.easp.es\/web\/bimbela\/wp-content\/uploads\/sites\/3\/2019\/10\/Jornada-SALUD-COMUNITARIA-ICI-BCN-300x169.jpg 300w, https:\/\/www.easp.es\/web\/bimbela\/wp-content\/uploads\/sites\/3\/2019\/10\/Jornada-SALUD-COMUNITARIA-ICI-BCN.jpg 666w\" sizes=\"auto, (max-width: 300px) 85vw, 300px\" \/><\/p>\n<p>&nbsp;<\/p>\n<p>Despu\u00e9s, en Las Palmas de Gran Canaria (Complejo Hospitalario Universitario Insular) descubriendo el maravilloso d\u00eda a d\u00eda de la Unidad de Cuidados Paliativos del CHUIMI y colaborando en su<span style=\"color: #ff0000\"> <strong>I Jornada Cuidados Paliativos Visibles<\/strong>.<\/span><\/p>\n<p>Mi aportaci\u00f3n: Una doble Conferencia titulada: \u00ab<strong><span style=\"color: #0000ff\"><em>Acompa\u00f1amiento \u00e9tico y espiritual en Cuidados Paliativos<\/em><\/span><\/strong>\u00ab.<\/p>\n<p>Gracias <strong>Juan Manuel<\/strong>, gracias<strong> Mar\u00eda Teresa<\/strong>, gracias <strong>Marta<\/strong>.<\/p>\n<p><img loading=\"lazy\" decoding=\"async\" class=\"aligncenter size-medium wp-image-1325\" src=\"https:\/\/www.easp.es\/web\/bimbela\/wp-content\/uploads\/sites\/3\/2019\/10\/Jornada-Cuidados-Paliativos-Las-Palmas-300x225.jpg\" alt=\"\" width=\"300\" height=\"225\" srcset=\"https:\/\/www.easp.es\/web\/bimbela\/wp-content\/uploads\/sites\/3\/2019\/10\/Jornada-Cuidados-Paliativos-Las-Palmas-300x225.jpg 300w, https:\/\/www.easp.es\/web\/bimbela\/wp-content\/uploads\/sites\/3\/2019\/10\/Jornada-Cuidados-Paliativos-Las-Palmas.jpg 577w\" sizes=\"auto, (max-width: 300px) 85vw, 300px\" \/><\/p>\n<p>&nbsp;<\/p>\n<p>M\u00e1s tarde, en mi querida Escuela Andaluza de Salud P\u00fablica (EASP) de Granada, con motivo del D\u00eda mundial contra el Dolor, organizando la <span style=\"color: #ff0000\"><strong>Jornada Dolor y Salud en el Siglo XXI<\/strong>.<\/span><\/p>\n<p>Mi aportaci\u00f3n: Una breve presentaci\u00f3n de la Mesa central de la Jornada: \u00ab<span style=\"color: #0000ff\"><strong><em>Uso adecuado de las Dimensiones de la Salud y el Dolor<\/em><\/strong><\/span>\u00ab.<\/p>\n<p>Gracias <strong>Tachy<\/strong>, gracias<strong> Juan Antonio<\/strong>, gracias <strong>Yolanda<\/strong>.<\/p>\n<p><img loading=\"lazy\" decoding=\"async\" class=\"aligncenter size-medium wp-image-1326\" src=\"https:\/\/www.easp.es\/web\/bimbela\/wp-content\/uploads\/sites\/3\/2019\/10\/Jornada-DOLOR-EASP-300x225.jpg\" alt=\"\" width=\"300\" height=\"225\" srcset=\"https:\/\/www.easp.es\/web\/bimbela\/wp-content\/uploads\/sites\/3\/2019\/10\/Jornada-DOLOR-EASP-300x225.jpg 300w, https:\/\/www.easp.es\/web\/bimbela\/wp-content\/uploads\/sites\/3\/2019\/10\/Jornada-DOLOR-EASP.jpg 577w\" sizes=\"auto, (max-width: 300px) 85vw, 300px\" \/><\/p>\n<p>&nbsp;<\/p>\n<p>Y finalmente, en M\u00e1laga, participando en el muy estimulante <strong><span style=\"color: #ff0000\">XXVIII Congreso de la Asociaci\u00f3n Andaluza del Dolor y Asistencia Continuada.<\/span><\/strong><\/p>\n<p>Mi aportaci\u00f3n: Una conferencia en la que habl\u00e9 de mi experiencia, en los \u00faltimos diez a\u00f1os, como paciente con dolor cr\u00f3nico; y que titul\u00e9 (a la manera oriental): \u00ab<strong><span style=\"color: #0000ff\"><em>La flor de loto crece en el barro<\/em><\/span><\/strong>\u00ab.<\/p>\n<p>Gracias <strong>Ignacio<\/strong>, gracias<strong> Luis Miguel<\/strong>, gracias <strong>Consuelo<\/strong>.<\/p>\n<p><img loading=\"lazy\" decoding=\"async\" class=\"aligncenter size-medium wp-image-1327\" src=\"https:\/\/www.easp.es\/web\/bimbela\/wp-content\/uploads\/sites\/3\/2019\/10\/Jornada-Dolor-AAD-M\u00e1laga-300x300.jpg\" alt=\"\" width=\"300\" height=\"300\" srcset=\"https:\/\/www.easp.es\/web\/bimbela\/wp-content\/uploads\/sites\/3\/2019\/10\/Jornada-Dolor-AAD-M\u00e1laga-300x300.jpg 300w, https:\/\/www.easp.es\/web\/bimbela\/wp-content\/uploads\/sites\/3\/2019\/10\/Jornada-Dolor-AAD-M\u00e1laga-150x150.jpg 150w, https:\/\/www.easp.es\/web\/bimbela\/wp-content\/uploads\/sites\/3\/2019\/10\/Jornada-Dolor-AAD-M\u00e1laga.jpg 500w\" sizes=\"auto, (max-width: 300px) 85vw, 300px\" \/><\/p>\n<p>Con un c\u00e1lido abrazo desde Granada (hoy lluviosa y fr\u00eda)<\/p>\n<p>Jos\u00e9 Luis Bimbela Pedrola<\/p>\n<p>&nbsp;<\/p>\n<p>&nbsp;<\/p>\n<p>&nbsp;<\/p>\n<p>&nbsp;<\/p>\n<p>&nbsp;<\/p>\n","protected":false},"excerpt":{"rendered":"<p>Primero, en Barcelona (Santa Coloma de Gramenet) colaborando, un a\u00f1o m\u00e1s, con el fant\u00e1stico proyecto de Intervenci\u00f3n Comunitaria Intercultural (ICI) promovido por la Fundaci\u00f3 Carta de la Pau dirigida a l&#8217;ONU, la Obra Social \u00abla Caixa\u00bb y el Ayuntamiento de Santa Coloma de Gramenet. Mi aportaci\u00f3n: Una Conferencia-taller titulada \u00abYO CONTIGO\u00ab; y subtitulada: \u00abLa intervenci\u00f3n &hellip; <a href=\"https:\/\/www.easp.es\/web\/bimbela\/2019\/10\/y-efectivamente-ha-continuado-el-viaje\/\" class=\"more-link\">Continuar leyendo<span class=\"screen-reader-text\"> \u00abY, EFECTIVAMENTE, HA CONTINUADO EL VIAJE&#8230;\u00bb<\/span><\/a><\/p>\n","protected":false},"author":2,"featured_media":0,"comment_status":"open","ping_status":"open","sticky":false,"template":"","format":"standard","meta":{"footnotes":""},"categories":[3],"tags":[],"class_list":["post-1323","post","type-post","status-publish","format-standard","hentry","category-general"],"_links":{"self":[{"href":"https:\/\/www.easp.es\/web\/bimbela\/wp-json\/wp\/v2\/posts\/1323","targetHints":{"allow":["GET"]}}],"collection":[{"href":"https:\/\/www.easp.es\/web\/bimbela\/wp-json\/wp\/v2\/posts"}],"about":[{"href":"https:\/\/www.easp.es\/web\/bimbela\/wp-json\/wp\/v2\/types\/post"}],"author":[{"embeddable":true,"href":"https:\/\/www.easp.es\/web\/bimbela\/wp-json\/wp\/v2\/users\/2"}],"replies":[{"embeddable":true,"href":"https:\/\/www.easp.es\/web\/bimbela\/wp-json\/wp\/v2\/comments?post=1323"}],"version-history":[{"count":1,"href":"https:\/\/www.easp.es\/web\/bimbela\/wp-json\/wp\/v2\/posts\/1323\/revisions"}],"predecessor-version":[{"id":1328,"href":"https:\/\/www.easp.es\/web\/bimbela\/wp-json\/wp\/v2\/posts\/1323\/revisions\/1328"}],"wp:attachment":[{"href":"https:\/\/www.easp.es\/web\/bimbela\/wp-json\/wp\/v2\/media?parent=1323"}],"wp:term":[{"taxonomy":"category","embeddable":true,"href":"https:\/\/www.easp.es\/web\/bimbela\/wp-json\/wp\/v2\/categories?post=1323"},{"taxonomy":"post_tag","embeddable":true,"href":"https:\/\/www.easp.es\/web\/bimbela\/wp-json\/wp\/v2\/tags?post=1323"}],"curies":[{"name":"wp","href":"https:\/\/api.w.org\/{rel}","templated":true}]}}