{"id":1349,"date":"2019-11-18T09:03:47","date_gmt":"2019-11-18T09:03:47","guid":{"rendered":"https:\/\/www.easp.es\/web\/bimbela\/?p=1349"},"modified":"2019-11-18T12:08:37","modified_gmt":"2019-11-18T12:08:37","slug":"la-felicidad-de-dar-y-darse","status":"publish","type":"post","link":"https:\/\/www.easp.es\/web\/bimbela\/2019\/11\/la-felicidad-de-dar-y-darse\/","title":{"rendered":"LA FELICIDAD DE DAR Y DE DARSE&#8230;"},"content":{"rendered":"<p>Emotiva y sanadora jornada en Barcelona: LA <strong>15 EDICI\u00d3N DEL ENCUENTRO DEL VOLUNTARIADO EN EL \u00c1MBITO ONCOL\u00d3GICO<\/strong> organizado por <strong>FECEC<\/strong> (<strong>Federaci\u00f3 Catalana d\u2019Entitats Contra el C\u00e0ncer<\/strong>)\u00a0 con el estimulante t\u00edtulo de <span style=\"color: #0000ff\"><strong>VOLUNTARIADO, UNA MANERA DE ENTENDER LA VIDA<\/strong><\/span>.<\/p>\n<p>Mi aportaci\u00f3n: Una conferencia titulada (a petici\u00f3n l\u00facida y espiritual de las organizadoras):\u00a0 \u00ab<em><strong><span style=\"color: #0000ff\">La felicidad de dar y de darse<\/span><\/strong><\/em>\u00ab.<\/p>\n<p>Gracias Clara, Gracias Ram\u00f3n.<\/p>\n<p><img loading=\"lazy\" decoding=\"async\" class=\"alignleft size-medium wp-image-1350\" src=\"https:\/\/www.easp.es\/web\/bimbela\/wp-content\/uploads\/sites\/3\/2019\/11\/FECEC-2019-1-300x194.jpg\" alt=\"\" width=\"300\" height=\"194\" srcset=\"https:\/\/www.easp.es\/web\/bimbela\/wp-content\/uploads\/sites\/3\/2019\/11\/FECEC-2019-1-300x194.jpg 300w, https:\/\/www.easp.es\/web\/bimbela\/wp-content\/uploads\/sites\/3\/2019\/11\/FECEC-2019-1.jpg 621w\" sizes=\"auto, (max-width: 300px) 85vw, 300px\" \/><\/p>\n<p>Gracias LLu\u00efsa, gracias Silvia, gracias Irene, gracias Merc\u00e8, gracias Mar\u00eda, gracias Anna, gracias Arantxa.<\/p>\n<p>Gracias Elisenda, gracias Laura, gracias Mireia.<\/p>\n<p>Gracias Edgar, gracias Mar\u00eda.<\/p>\n<p>Gracias Ignasi.<\/p>\n<p>Y muchas, muchas, MUCHAS gracias a todas las personas asistentes a la Jornada, por su ENTREGA y su ENTUSIASMO: por el AMOR desplegado (ABRAZOS de m\u00e1s 20 segundos incluidos) y por encarnar (gracias, Mariola por regalarnos este verbo) una forma maravillosa de ENTENDER LA VIDA.<\/p>\n<p><img loading=\"lazy\" decoding=\"async\" class=\"alignright size-medium wp-image-1353\" src=\"https:\/\/www.easp.es\/web\/bimbela\/wp-content\/uploads\/sites\/3\/2019\/11\/FECEC-2019-2-300x189.jpg\" alt=\"\" width=\"300\" height=\"189\" srcset=\"https:\/\/www.easp.es\/web\/bimbela\/wp-content\/uploads\/sites\/3\/2019\/11\/FECEC-2019-2-300x189.jpg 300w, https:\/\/www.easp.es\/web\/bimbela\/wp-content\/uploads\/sites\/3\/2019\/11\/FECEC-2019-2.jpg 630w\" sizes=\"auto, (max-width: 300px) 85vw, 300px\" \/><\/p>\n<p>&nbsp;<\/p>\n<p>&nbsp;<\/p>\n<p>&nbsp;<\/p>\n","protected":false},"excerpt":{"rendered":"<p>Emotiva y sanadora jornada en Barcelona: LA 15 EDICI\u00d3N DEL ENCUENTRO DEL VOLUNTARIADO EN EL \u00c1MBITO ONCOL\u00d3GICO organizado por FECEC (Federaci\u00f3 Catalana d\u2019Entitats Contra el C\u00e0ncer)\u00a0 con el estimulante t\u00edtulo de VOLUNTARIADO, UNA MANERA DE ENTENDER LA VIDA. Mi aportaci\u00f3n: Una conferencia titulada (a petici\u00f3n l\u00facida y espiritual de las organizadoras):\u00a0 \u00abLa felicidad de dar &hellip; <a href=\"https:\/\/www.easp.es\/web\/bimbela\/2019\/11\/la-felicidad-de-dar-y-darse\/\" class=\"more-link\">Continuar leyendo<span class=\"screen-reader-text\"> \u00abLA FELICIDAD DE DAR Y DE DARSE&#8230;\u00bb<\/span><\/a><\/p>\n","protected":false},"author":2,"featured_media":0,"comment_status":"open","ping_status":"open","sticky":false,"template":"","format":"standard","meta":{"footnotes":""},"categories":[3],"tags":[],"class_list":["post-1349","post","type-post","status-publish","format-standard","hentry","category-general"],"_links":{"self":[{"href":"https:\/\/www.easp.es\/web\/bimbela\/wp-json\/wp\/v2\/posts\/1349","targetHints":{"allow":["GET"]}}],"collection":[{"href":"https:\/\/www.easp.es\/web\/bimbela\/wp-json\/wp\/v2\/posts"}],"about":[{"href":"https:\/\/www.easp.es\/web\/bimbela\/wp-json\/wp\/v2\/types\/post"}],"author":[{"embeddable":true,"href":"https:\/\/www.easp.es\/web\/bimbela\/wp-json\/wp\/v2\/users\/2"}],"replies":[{"embeddable":true,"href":"https:\/\/www.easp.es\/web\/bimbela\/wp-json\/wp\/v2\/comments?post=1349"}],"version-history":[{"count":8,"href":"https:\/\/www.easp.es\/web\/bimbela\/wp-json\/wp\/v2\/posts\/1349\/revisions"}],"predecessor-version":[{"id":1359,"href":"https:\/\/www.easp.es\/web\/bimbela\/wp-json\/wp\/v2\/posts\/1349\/revisions\/1359"}],"wp:attachment":[{"href":"https:\/\/www.easp.es\/web\/bimbela\/wp-json\/wp\/v2\/media?parent=1349"}],"wp:term":[{"taxonomy":"category","embeddable":true,"href":"https:\/\/www.easp.es\/web\/bimbela\/wp-json\/wp\/v2\/categories?post=1349"},{"taxonomy":"post_tag","embeddable":true,"href":"https:\/\/www.easp.es\/web\/bimbela\/wp-json\/wp\/v2\/tags?post=1349"}],"curies":[{"name":"wp","href":"https:\/\/api.w.org\/{rel}","templated":true}]}}