{"id":1366,"date":"2019-11-27T08:47:42","date_gmt":"2019-11-27T08:47:42","guid":{"rendered":"https:\/\/www.easp.es\/web\/bimbela\/?p=1366"},"modified":"2019-11-27T11:02:09","modified_gmt":"2019-11-27T11:02:09","slug":"emergencias-emociones-etica-ecpatia-estrategia","status":"publish","type":"post","link":"https:\/\/www.easp.es\/web\/bimbela\/2019\/11\/emergencias-emociones-etica-ecpatia-estrategia\/","title":{"rendered":"EMERGENCIAS, EMOCIONES, \u00c9TICA, ECPAT\u00cdA, ESTRATEGIA&#8230;"},"content":{"rendered":"<p>Sobre <span style=\"color: #0000ff\"><strong>EMOCIONES, \u00c9TICA, ECPAT\u00cdA y ESTRATEGIA<\/strong><\/span> reflexionamos, debatimos, conversamos y actuamos ayer en M\u00e1laga, en la sede de la <span style=\"color: #ff0000\"><strong>Empresa P\u00fablica de Emergencias Sanitarias<\/strong> <\/span>(el famoso 061).<\/p>\n<p>Un soleado y maravilloso d\u00eda en el Parque Tecnol\u00f3gico de Andaluc\u00eda, en el que Joan Carles March y yo mismo trabajamos a fondo con un excelente grupo de profesionales (m\u00e9dicos\/as, enfermeros\/as, t\u00e9cnicos\/as), llenos de energ\u00eda y entusiasmo, de fuerza y de vitalidad, de\u00a0 compromiso y bondad.<\/p>\n<p>Nos entregamos, todos y todas, \u00aben cuerpo y alma\u00bb (abrazos sanadores incluidos) y crecimos, creamos y construimos juntos\/as. Una maravilla.<\/p>\n<p>Gracias Susana, gracias Ana.<\/p>\n<p>Gracias Carmen.<\/p>\n<p>Gracias Noem\u00ed.<\/p>\n<p><img loading=\"lazy\" decoding=\"async\" class=\"aligncenter size-medium wp-image-1369\" src=\"https:\/\/www.easp.es\/web\/bimbela\/wp-content\/uploads\/sites\/3\/2019\/11\/IMG_20191126_194805-1-300x288.jpg\" alt=\"\" width=\"300\" height=\"288\" srcset=\"https:\/\/www.easp.es\/web\/bimbela\/wp-content\/uploads\/sites\/3\/2019\/11\/IMG_20191126_194805-1-300x288.jpg 300w, https:\/\/www.easp.es\/web\/bimbela\/wp-content\/uploads\/sites\/3\/2019\/11\/IMG_20191126_194805-1.jpg 510w\" sizes=\"auto, (max-width: 300px) 85vw, 300px\" \/><\/p>\n","protected":false},"excerpt":{"rendered":"<p>Sobre EMOCIONES, \u00c9TICA, ECPAT\u00cdA y ESTRATEGIA reflexionamos, debatimos, conversamos y actuamos ayer en M\u00e1laga, en la sede de la Empresa P\u00fablica de Emergencias Sanitarias (el famoso 061). Un soleado y maravilloso d\u00eda en el Parque Tecnol\u00f3gico de Andaluc\u00eda, en el que Joan Carles March y yo mismo trabajamos a fondo con un excelente grupo de &hellip; <a href=\"https:\/\/www.easp.es\/web\/bimbela\/2019\/11\/emergencias-emociones-etica-ecpatia-estrategia\/\" class=\"more-link\">Continuar leyendo<span class=\"screen-reader-text\"> \u00abEMERGENCIAS, EMOCIONES, \u00c9TICA, ECPAT\u00cdA, ESTRATEGIA&#8230;\u00bb<\/span><\/a><\/p>\n","protected":false},"author":2,"featured_media":0,"comment_status":"open","ping_status":"open","sticky":false,"template":"","format":"standard","meta":{"footnotes":""},"categories":[3],"tags":[],"class_list":["post-1366","post","type-post","status-publish","format-standard","hentry","category-general"],"_links":{"self":[{"href":"https:\/\/www.easp.es\/web\/bimbela\/wp-json\/wp\/v2\/posts\/1366","targetHints":{"allow":["GET"]}}],"collection":[{"href":"https:\/\/www.easp.es\/web\/bimbela\/wp-json\/wp\/v2\/posts"}],"about":[{"href":"https:\/\/www.easp.es\/web\/bimbela\/wp-json\/wp\/v2\/types\/post"}],"author":[{"embeddable":true,"href":"https:\/\/www.easp.es\/web\/bimbela\/wp-json\/wp\/v2\/users\/2"}],"replies":[{"embeddable":true,"href":"https:\/\/www.easp.es\/web\/bimbela\/wp-json\/wp\/v2\/comments?post=1366"}],"version-history":[{"count":2,"href":"https:\/\/www.easp.es\/web\/bimbela\/wp-json\/wp\/v2\/posts\/1366\/revisions"}],"predecessor-version":[{"id":1370,"href":"https:\/\/www.easp.es\/web\/bimbela\/wp-json\/wp\/v2\/posts\/1366\/revisions\/1370"}],"wp:attachment":[{"href":"https:\/\/www.easp.es\/web\/bimbela\/wp-json\/wp\/v2\/media?parent=1366"}],"wp:term":[{"taxonomy":"category","embeddable":true,"href":"https:\/\/www.easp.es\/web\/bimbela\/wp-json\/wp\/v2\/categories?post=1366"},{"taxonomy":"post_tag","embeddable":true,"href":"https:\/\/www.easp.es\/web\/bimbela\/wp-json\/wp\/v2\/tags?post=1366"}],"curies":[{"name":"wp","href":"https:\/\/api.w.org\/{rel}","templated":true}]}}