{"id":1371,"date":"2019-11-30T13:48:15","date_gmt":"2019-11-30T13:48:15","guid":{"rendered":"https:\/\/www.easp.es\/web\/bimbela\/?p=1371"},"modified":"2019-12-02T07:09:06","modified_gmt":"2019-12-02T07:09:06","slug":"felicidad-en-alcala-la-real","status":"publish","type":"post","link":"https:\/\/www.easp.es\/web\/bimbela\/2019\/11\/felicidad-en-alcala-la-real\/","title":{"rendered":"FELICIDAD EN ALCAL\u00c1 LA REAL"},"content":{"rendered":"<p>El pasado jueves 28 de noviembre hablamos en <strong>Alcal\u00e1 la Real (Ja\u00e9n)<\/strong> de Felicidad. Y nos preguntamos <strong><em><span style=\"color: #0000ff\">\u00ab\u00bfQu\u00e9 necesito para ser feliz?\u00bb<\/span><\/em>.<\/strong><\/p>\n<p>La Conferencia, organizada por la <span style=\"color: #ff0000\"><strong>Asociaci\u00f3n de Amas de Casa Nuestra Se\u00f1ora de las Mercedes<\/strong>,<\/span> tuvo lugar en un lugar maravilloso,\u00a0 el Antiguo Convento de Capuchinos, que se llen\u00f3 hasta los topes de un p\u00fablico atento, respetuoso y acogedor. Un p\u00fablico que me llen\u00f3 de energ\u00eda y agradecimiento antes, durante y despu\u00e9s del acto.<\/p>\n<p>Gracias MALI.<\/p>\n<p>Gracias Lola.<\/p>\n<p>Gracias Dulce.<\/p>\n<p><img loading=\"lazy\" decoding=\"async\" class=\"aligncenter size-medium wp-image-1378\" src=\"https:\/\/www.easp.es\/web\/bimbela\/wp-content\/uploads\/sites\/3\/2019\/11\/IMG-20191130-WA0008-225x300.jpg\" alt=\"\" width=\"225\" height=\"300\" srcset=\"https:\/\/www.easp.es\/web\/bimbela\/wp-content\/uploads\/sites\/3\/2019\/11\/IMG-20191130-WA0008-225x300.jpg 225w, https:\/\/www.easp.es\/web\/bimbela\/wp-content\/uploads\/sites\/3\/2019\/11\/IMG-20191130-WA0008.jpg 433w\" sizes=\"auto, (max-width: 225px) 85vw, 225px\" \/><\/p>\n<p>&nbsp;<\/p>\n","protected":false},"excerpt":{"rendered":"<p>El pasado jueves 28 de noviembre hablamos en Alcal\u00e1 la Real (Ja\u00e9n) de Felicidad. Y nos preguntamos \u00ab\u00bfQu\u00e9 necesito para ser feliz?\u00bb. La Conferencia, organizada por la Asociaci\u00f3n de Amas de Casa Nuestra Se\u00f1ora de las Mercedes, tuvo lugar en un lugar maravilloso,\u00a0 el Antiguo Convento de Capuchinos, que se llen\u00f3 hasta los topes de &hellip; <a href=\"https:\/\/www.easp.es\/web\/bimbela\/2019\/11\/felicidad-en-alcala-la-real\/\" class=\"more-link\">Continuar leyendo<span class=\"screen-reader-text\"> \u00abFELICIDAD EN ALCAL\u00c1 LA REAL\u00bb<\/span><\/a><\/p>\n","protected":false},"author":2,"featured_media":0,"comment_status":"open","ping_status":"open","sticky":false,"template":"","format":"standard","meta":{"footnotes":""},"categories":[3],"tags":[],"class_list":["post-1371","post","type-post","status-publish","format-standard","hentry","category-general"],"_links":{"self":[{"href":"https:\/\/www.easp.es\/web\/bimbela\/wp-json\/wp\/v2\/posts\/1371","targetHints":{"allow":["GET"]}}],"collection":[{"href":"https:\/\/www.easp.es\/web\/bimbela\/wp-json\/wp\/v2\/posts"}],"about":[{"href":"https:\/\/www.easp.es\/web\/bimbela\/wp-json\/wp\/v2\/types\/post"}],"author":[{"embeddable":true,"href":"https:\/\/www.easp.es\/web\/bimbela\/wp-json\/wp\/v2\/users\/2"}],"replies":[{"embeddable":true,"href":"https:\/\/www.easp.es\/web\/bimbela\/wp-json\/wp\/v2\/comments?post=1371"}],"version-history":[{"count":6,"href":"https:\/\/www.easp.es\/web\/bimbela\/wp-json\/wp\/v2\/posts\/1371\/revisions"}],"predecessor-version":[{"id":1379,"href":"https:\/\/www.easp.es\/web\/bimbela\/wp-json\/wp\/v2\/posts\/1371\/revisions\/1379"}],"wp:attachment":[{"href":"https:\/\/www.easp.es\/web\/bimbela\/wp-json\/wp\/v2\/media?parent=1371"}],"wp:term":[{"taxonomy":"category","embeddable":true,"href":"https:\/\/www.easp.es\/web\/bimbela\/wp-json\/wp\/v2\/categories?post=1371"},{"taxonomy":"post_tag","embeddable":true,"href":"https:\/\/www.easp.es\/web\/bimbela\/wp-json\/wp\/v2\/tags?post=1371"}],"curies":[{"name":"wp","href":"https:\/\/api.w.org\/{rel}","templated":true}]}}