{"id":1387,"date":"2019-12-10T09:19:53","date_gmt":"2019-12-10T09:19:53","guid":{"rendered":"https:\/\/www.easp.es\/web\/bimbela\/?p=1387"},"modified":"2019-12-10T09:24:44","modified_gmt":"2019-12-10T09:24:44","slug":"autocuidados","status":"publish","type":"post","link":"https:\/\/www.easp.es\/web\/bimbela\/2019\/12\/autocuidados\/","title":{"rendered":"EL AUTOCUIDADO"},"content":{"rendered":"<p>El pasado martes 3 de diciembre celebramos, en Granada, un encuentro con los profesionales de los <span style=\"color: #ff0000\"><strong>Equipos de Atenci\u00f3n Psicosocial (EAPS) de la Caixa<\/strong><\/span>, alrededor de un tema clave: <span style=\"color: #0000ff\"><strong>EL AUTOCUIDADO.<\/strong><\/span><\/p>\n<p>Una intensa y apasionante ma\u00f1ana con 30 profesionales de toda Andaluc\u00eda; en la que reflexionamos y debatimos sobre aspectos \u00e9ticos, emocionales, comunicacionales y tambi\u00e9n relacionados con las negociaciones inteligentes y saludables (las que permiten el <strong>bienestar mutuo<\/strong>). Hicimos, adem\u00e1s, mucho \u00e9nfasis en la aplicaci\u00f3n de todo ello tanto en el \u00e1mbito profesional como en el \u00e1mbito personal y familiar.<\/p>\n<p>Las fotos que realizamos no enga\u00f1an. Est\u00e1bamos\u2026 \u00a1\u00a1 felices !!<\/p>\n<p>Gracias Pepe, gracias Patricia, gracias Lydia.<\/p>\n<p><img loading=\"lazy\" decoding=\"async\" class=\"alignleft size-medium wp-image-1388\" src=\"https:\/\/www.easp.es\/web\/bimbela\/wp-content\/uploads\/sites\/3\/2019\/12\/Con-EAPS-1-Diciembre-2019-300x252.jpg\" alt=\"\" width=\"300\" height=\"252\" srcset=\"https:\/\/www.easp.es\/web\/bimbela\/wp-content\/uploads\/sites\/3\/2019\/12\/Con-EAPS-1-Diciembre-2019-300x252.jpg 300w, https:\/\/www.easp.es\/web\/bimbela\/wp-content\/uploads\/sites\/3\/2019\/12\/Con-EAPS-1-Diciembre-2019.jpg 545w\" sizes=\"auto, (max-width: 300px) 85vw, 300px\" \/><img loading=\"lazy\" decoding=\"async\" class=\"alignright size-medium wp-image-1389\" src=\"https:\/\/www.easp.es\/web\/bimbela\/wp-content\/uploads\/sites\/3\/2019\/12\/Con-EAPS-2-Diciembre-2019-300x225.jpg\" alt=\"\" width=\"300\" height=\"225\" srcset=\"https:\/\/www.easp.es\/web\/bimbela\/wp-content\/uploads\/sites\/3\/2019\/12\/Con-EAPS-2-Diciembre-2019-300x225.jpg 300w, https:\/\/www.easp.es\/web\/bimbela\/wp-content\/uploads\/sites\/3\/2019\/12\/Con-EAPS-2-Diciembre-2019.jpg 577w\" sizes=\"auto, (max-width: 300px) 85vw, 300px\" \/><\/p>\n<p>&nbsp;<\/p>\n<p>&nbsp;<\/p>\n<p>&nbsp;<\/p>\n","protected":false},"excerpt":{"rendered":"<p>El pasado martes 3 de diciembre celebramos, en Granada, un encuentro con los profesionales de los Equipos de Atenci\u00f3n Psicosocial (EAPS) de la Caixa, alrededor de un tema clave: EL AUTOCUIDADO. Una intensa y apasionante ma\u00f1ana con 30 profesionales de toda Andaluc\u00eda; en la que reflexionamos y debatimos sobre aspectos \u00e9ticos, emocionales, comunicacionales y tambi\u00e9n &hellip; <a href=\"https:\/\/www.easp.es\/web\/bimbela\/2019\/12\/autocuidados\/\" class=\"more-link\">Continuar leyendo<span class=\"screen-reader-text\"> \u00abEL AUTOCUIDADO\u00bb<\/span><\/a><\/p>\n","protected":false},"author":2,"featured_media":0,"comment_status":"open","ping_status":"open","sticky":false,"template":"","format":"standard","meta":{"footnotes":""},"categories":[3],"tags":[],"class_list":["post-1387","post","type-post","status-publish","format-standard","hentry","category-general"],"_links":{"self":[{"href":"https:\/\/www.easp.es\/web\/bimbela\/wp-json\/wp\/v2\/posts\/1387","targetHints":{"allow":["GET"]}}],"collection":[{"href":"https:\/\/www.easp.es\/web\/bimbela\/wp-json\/wp\/v2\/posts"}],"about":[{"href":"https:\/\/www.easp.es\/web\/bimbela\/wp-json\/wp\/v2\/types\/post"}],"author":[{"embeddable":true,"href":"https:\/\/www.easp.es\/web\/bimbela\/wp-json\/wp\/v2\/users\/2"}],"replies":[{"embeddable":true,"href":"https:\/\/www.easp.es\/web\/bimbela\/wp-json\/wp\/v2\/comments?post=1387"}],"version-history":[{"count":4,"href":"https:\/\/www.easp.es\/web\/bimbela\/wp-json\/wp\/v2\/posts\/1387\/revisions"}],"predecessor-version":[{"id":1393,"href":"https:\/\/www.easp.es\/web\/bimbela\/wp-json\/wp\/v2\/posts\/1387\/revisions\/1393"}],"wp:attachment":[{"href":"https:\/\/www.easp.es\/web\/bimbela\/wp-json\/wp\/v2\/media?parent=1387"}],"wp:term":[{"taxonomy":"category","embeddable":true,"href":"https:\/\/www.easp.es\/web\/bimbela\/wp-json\/wp\/v2\/categories?post=1387"},{"taxonomy":"post_tag","embeddable":true,"href":"https:\/\/www.easp.es\/web\/bimbela\/wp-json\/wp\/v2\/tags?post=1387"}],"curies":[{"name":"wp","href":"https:\/\/api.w.org\/{rel}","templated":true}]}}