{"id":1401,"date":"2020-01-13T12:38:21","date_gmt":"2020-01-13T12:38:21","guid":{"rendered":"https:\/\/www.easp.es\/web\/bimbela\/?p=1401"},"modified":"2020-01-13T12:38:21","modified_gmt":"2020-01-13T12:38:21","slug":"jornada-prevencion-del-suicidio","status":"publish","type":"post","link":"https:\/\/www.easp.es\/web\/bimbela\/2020\/01\/jornada-prevencion-del-suicidio\/","title":{"rendered":"JORNADA PREVENCI\u00d3N DEL SUICIDIO"},"content":{"rendered":"<p>\u00a1\u00a1\u00a1\u00a1 CONSEGUIDO !!!!<\/p>\n<p>Ya pod\u00e9is inscribiros en la <span style=\"color: #0000ff\"><strong>\u00abJORNADA PREVENCI\u00d3N DEL SUICIDIO\u00bb.<\/strong><\/span><\/p>\n<p><a href=\"https:\/\/www.easp.es\/prevencion-suicidio\/\">https:\/\/www.easp.es\/prevencion-suicidio\/<\/a><\/p>\n<p>El pr\u00f3ximo viernes <strong><span style=\"color: #ff0000\">20 de marzo de 2020<\/span><\/strong> celebraremos en esta <strong>Escuela Andaluza de Salud P\u00fablica<\/strong> de Granada la Jornada \u201c<span style=\"color: #0000ff\"><strong>PREVENCI\u00d3N DEL SUICIDIO<\/strong>\u201d.<\/span><\/p>\n<p>En esta Jornada abordaremos las dimensiones biol\u00f3gicas, psicol\u00f3gicas, sociales, espirituales y \u00e9ticas implicadas en una prevenci\u00f3n eficaz del suicidio. Tanto en los aspectos te\u00f3ricos (Conferencias y entrevista con experta) como en los aspectos pr\u00e1cticos (talleres de entrenamiento).<\/p>\n<p>A lo largo de toda la Jornada se enfatizar\u00e1n las estrategias, habilidades e intervenciones que faciliten, promuevan y refuercen la <strong>puesta en pr\u00e1ctica<\/strong> de contenidos fundamentales, ideas clave, y propuestas espec\u00edficas.<\/p>\n<p>Ser\u00e1 un placer compartir con vosotras y vosotros esta apasionante Jornada.<\/p>\n<p>Un ilusionado abrazo desde Granada<\/p>\n<p><a href=\"https:\/\/www.easp.es\/prevencion-suicidio\/\">https:\/\/www.easp.es\/prevencion-suicidio\/<\/a><\/p>\n<p>&nbsp;<\/p>\n","protected":false},"excerpt":{"rendered":"<p>\u00a1\u00a1\u00a1\u00a1 CONSEGUIDO !!!! Ya pod\u00e9is inscribiros en la \u00abJORNADA PREVENCI\u00d3N DEL SUICIDIO\u00bb. https:\/\/www.easp.es\/prevencion-suicidio\/ El pr\u00f3ximo viernes 20 de marzo de 2020 celebraremos en esta Escuela Andaluza de Salud P\u00fablica de Granada la Jornada \u201cPREVENCI\u00d3N DEL SUICIDIO\u201d. En esta Jornada abordaremos las dimensiones biol\u00f3gicas, psicol\u00f3gicas, sociales, espirituales y \u00e9ticas implicadas en una prevenci\u00f3n eficaz del suicidio. &hellip; <a href=\"https:\/\/www.easp.es\/web\/bimbela\/2020\/01\/jornada-prevencion-del-suicidio\/\" class=\"more-link\">Continuar leyendo<span class=\"screen-reader-text\"> \u00abJORNADA PREVENCI\u00d3N DEL SUICIDIO\u00bb<\/span><\/a><\/p>\n","protected":false},"author":2,"featured_media":0,"comment_status":"open","ping_status":"open","sticky":false,"template":"","format":"standard","meta":{"footnotes":""},"categories":[3],"tags":[],"class_list":["post-1401","post","type-post","status-publish","format-standard","hentry","category-general"],"_links":{"self":[{"href":"https:\/\/www.easp.es\/web\/bimbela\/wp-json\/wp\/v2\/posts\/1401","targetHints":{"allow":["GET"]}}],"collection":[{"href":"https:\/\/www.easp.es\/web\/bimbela\/wp-json\/wp\/v2\/posts"}],"about":[{"href":"https:\/\/www.easp.es\/web\/bimbela\/wp-json\/wp\/v2\/types\/post"}],"author":[{"embeddable":true,"href":"https:\/\/www.easp.es\/web\/bimbela\/wp-json\/wp\/v2\/users\/2"}],"replies":[{"embeddable":true,"href":"https:\/\/www.easp.es\/web\/bimbela\/wp-json\/wp\/v2\/comments?post=1401"}],"version-history":[{"count":1,"href":"https:\/\/www.easp.es\/web\/bimbela\/wp-json\/wp\/v2\/posts\/1401\/revisions"}],"predecessor-version":[{"id":1402,"href":"https:\/\/www.easp.es\/web\/bimbela\/wp-json\/wp\/v2\/posts\/1401\/revisions\/1402"}],"wp:attachment":[{"href":"https:\/\/www.easp.es\/web\/bimbela\/wp-json\/wp\/v2\/media?parent=1401"}],"wp:term":[{"taxonomy":"category","embeddable":true,"href":"https:\/\/www.easp.es\/web\/bimbela\/wp-json\/wp\/v2\/categories?post=1401"},{"taxonomy":"post_tag","embeddable":true,"href":"https:\/\/www.easp.es\/web\/bimbela\/wp-json\/wp\/v2\/tags?post=1401"}],"curies":[{"name":"wp","href":"https:\/\/api.w.org\/{rel}","templated":true}]}}