{"id":1406,"date":"2020-02-05T07:39:45","date_gmt":"2020-02-05T07:39:45","guid":{"rendered":"https:\/\/www.easp.es\/web\/bimbela\/?p=1406"},"modified":"2020-02-05T07:39:45","modified_gmt":"2020-02-05T07:39:45","slug":"gracias-gracias-gracias","status":"publish","type":"post","link":"https:\/\/www.easp.es\/web\/bimbela\/2020\/02\/gracias-gracias-gracias\/","title":{"rendered":"\u00a1\u00a1 GRACIAS, GRACIAS, GRACIAS !!"},"content":{"rendered":"<p>La pasada semana, dos meses antes de su celebraci\u00f3n, tuvimos que poner el cartel de \u00ab<strong><span style=\"color: #0000ff\">COMPLETO<\/span><\/strong>\u00bb (350 asistentes) en la <span style=\"color: #0000ff\"><strong>Jornada sobre el Suicidio<\/strong><\/span> que realizaremos en la <strong>Escuela Andaluza de Salud P\u00fablica de Granada<\/strong>, el pr\u00f3ximo <strong>20 de marzo<\/strong> (<span style=\"color: #0000ff\"><strong>D\u00eda Mundial de la Felicidad<\/strong><\/span>).<\/p>\n<p><strong><span style=\"color: #ff0000\">Gracias<\/span><\/strong> a todas las personas inscritas.<\/p>\n<p><span style=\"color: #ff0000\"><strong>Gracias<\/strong><\/span> a todas las personas que est\u00e1n en lista de espera para cubrir posibles bajas de \u00faltima hora.<\/p>\n<p><strong><span style=\"color: #ff0000\">Gracias<\/span> <\/strong>a todas las personas que nos han comunicado su inter\u00e9s en acudir a futuras convocatorias relacionadas con el tema.<\/p>\n<p>La realizaci\u00f3n de esta Jornada (y en este d\u00eda) es un sue\u00f1o hecho realidad.<\/p>\n<p>Y pensamos que puede convertirse (como en su d\u00eda lo fue la Jornada sobre <strong>Salud Espiritua<\/strong>l de 2017) en una jornada hist\u00f3rica, que ponga sobre la mesa de la salud p\u00fablica de este pa\u00eds, l\u00facidas reflexiones y propuestas concretas de acci\u00f3n, que nos ayuden a gestionar con honestidad y valent\u00eda un tema que nos concierne (y nos cuestiona) a todas y a todos.<\/p>\n<p>Un gran abrazo agradecido desde Granada.<\/p>\n<p>Jos\u00e9 Luis Bimbela Pedrola<\/p>\n<p>Adjunto enlace con la versi\u00f3n definitiva del programa:<\/p>\n<p><a href=\"https:\/\/www.easp.es\/prevencion-suicidio\/\">https:\/\/www.easp.es\/prevencion-suicidio\/<\/a><\/p>\n<p>&nbsp;<\/p>\n","protected":false},"excerpt":{"rendered":"<p>La pasada semana, dos meses antes de su celebraci\u00f3n, tuvimos que poner el cartel de \u00abCOMPLETO\u00bb (350 asistentes) en la Jornada sobre el Suicidio que realizaremos en la Escuela Andaluza de Salud P\u00fablica de Granada, el pr\u00f3ximo 20 de marzo (D\u00eda Mundial de la Felicidad). Gracias a todas las personas inscritas. Gracias a todas las &hellip; <a href=\"https:\/\/www.easp.es\/web\/bimbela\/2020\/02\/gracias-gracias-gracias\/\" class=\"more-link\">Continuar leyendo<span class=\"screen-reader-text\"> \u00ab\u00a1\u00a1 GRACIAS, GRACIAS, GRACIAS !!\u00bb<\/span><\/a><\/p>\n","protected":false},"author":2,"featured_media":0,"comment_status":"open","ping_status":"open","sticky":false,"template":"","format":"standard","meta":{"footnotes":""},"categories":[3],"tags":[],"class_list":["post-1406","post","type-post","status-publish","format-standard","hentry","category-general"],"_links":{"self":[{"href":"https:\/\/www.easp.es\/web\/bimbela\/wp-json\/wp\/v2\/posts\/1406","targetHints":{"allow":["GET"]}}],"collection":[{"href":"https:\/\/www.easp.es\/web\/bimbela\/wp-json\/wp\/v2\/posts"}],"about":[{"href":"https:\/\/www.easp.es\/web\/bimbela\/wp-json\/wp\/v2\/types\/post"}],"author":[{"embeddable":true,"href":"https:\/\/www.easp.es\/web\/bimbela\/wp-json\/wp\/v2\/users\/2"}],"replies":[{"embeddable":true,"href":"https:\/\/www.easp.es\/web\/bimbela\/wp-json\/wp\/v2\/comments?post=1406"}],"version-history":[{"count":1,"href":"https:\/\/www.easp.es\/web\/bimbela\/wp-json\/wp\/v2\/posts\/1406\/revisions"}],"predecessor-version":[{"id":1407,"href":"https:\/\/www.easp.es\/web\/bimbela\/wp-json\/wp\/v2\/posts\/1406\/revisions\/1407"}],"wp:attachment":[{"href":"https:\/\/www.easp.es\/web\/bimbela\/wp-json\/wp\/v2\/media?parent=1406"}],"wp:term":[{"taxonomy":"category","embeddable":true,"href":"https:\/\/www.easp.es\/web\/bimbela\/wp-json\/wp\/v2\/categories?post=1406"},{"taxonomy":"post_tag","embeddable":true,"href":"https:\/\/www.easp.es\/web\/bimbela\/wp-json\/wp\/v2\/tags?post=1406"}],"curies":[{"name":"wp","href":"https:\/\/api.w.org\/{rel}","templated":true}]}}