{"id":1422,"date":"2020-03-20T06:37:28","date_gmt":"2020-03-20T06:37:28","guid":{"rendered":"https:\/\/www.easp.es\/web\/bimbela\/?p=1422"},"modified":"2020-03-20T10:51:23","modified_gmt":"2020-03-20T10:51:23","slug":"dia-mundial-de-la-felicidad-y","status":"publish","type":"post","link":"https:\/\/www.easp.es\/web\/bimbela\/2020\/03\/dia-mundial-de-la-felicidad-y\/","title":{"rendered":"D\u00cdA MUNDIAL DE LA FELICIDAD Y\u2026"},"content":{"rendered":"<p>Hoy, <strong><span style=\"color: #0000ff\">20 de marzo de 2020<\/span><\/strong>, adem\u00e1s de la llegada de la primavera, celebramos tambi\u00e9n el <span style=\"color: #0000ff\"><strong>D\u00eda Mundial de la Felicidad<\/strong><\/span>.<\/p>\n<p>Es una celebraci\u00f3n agridulce. El fen\u00f3meno \u201ccoronavirus\u201d nos ha obligado a aplazar la<strong><span style=\"color: #ff0000\"> Jornada sobre la Prevenci\u00f3n del Suicidio<\/span><\/strong> que \u00edbamos a celebrar hoy, precisamente para empezar a ver otras formas de abordaje \u201cdistintas\u201d que sumen alternativas, que a\u00f1adan opciones en un tema tan complejo y esencial como es el del suicidio. Esa jornada, como ya anunci\u00e9 en anteriores entradas del Blog, se ha trasladado al viernes<span style=\"color: #ff0000\"> <strong>19 de junio.<\/strong><\/span><\/p>\n<p>Por otro lado, s\u00ed me gustar\u00eda aprovechar este D\u00eda Mundial de la Felicidad, para a\u00f1adir una quinta dimensi\u00f3n a esa <span style=\"color: #0000ff\"><strong>SALUD PR\u00c1CTICA<\/strong><\/span>\u00a0que traduce ese amplio concepto de FELICIDAD en aspectos concretos, que son los que m\u00e1s nos interesan a la ciudadan\u00eda.<\/p>\n<p>Hasta hora, manej\u00e1bamos ya con cierta soltura 4 dimensiones de la salud: <span style=\"color: #0000ff\"><strong>la biol\u00f3gica, la psicol\u00f3gica, la social y\u2026 \u00a1\u00a1 la espiritual !!<\/strong> <\/span>Esa cuarta dimensi\u00f3n que tanto nos cost\u00f3 incorporar; pero que, a partir de la \u00abhist\u00f3rica\u00bb Jornada que celebramos en la EASP en octubre de 2017, se ha ido instalando (evidencia cient\u00edfica mediante, claro) en Cursos, Congresos, Reuniones y Jornadas varias.<\/p>\n<p>Bien, pues hoy <span style=\"color: #0000ff\"><strong>20 de marzo de 2020<\/strong><\/span> incorporamos una <strong>quinta dimensi\u00f3n<\/strong> clave para lograr una salud m\u00e1s integral, m\u00e1s plena y, por tanto, una felicidad mayor y m\u00e1s sostenible. Esa quinta dimensi\u00f3n es\u2026.<\/p>\n<p><a href=\"https:\/\/www.youtube.com\/watch?v=9-sEQl7RhiE\">https:\/\/www.youtube.com\/watch?v=9-sEQl7RhiE<\/a><\/p>\n<p>La dimensi\u00f3n <strong><span style=\"color: #0000ff\">\u00c9TICA<\/span>,<\/strong> esa dimensi\u00f3n que ya hace a\u00f1os llamamos en la EASP el \u201c<span style=\"color: #0000ff\"><strong>alma<\/strong><\/span>\u201d de la Salud P\u00fablica y que se sustancia en ese doble objetivo (<strong>irrenunciable, innegociable<\/strong>): Mi bienestar y tu bienestar, mi poder y tu poder, mis objetivos y tus objetivos. Ese \u201cganar-ganar\u201d que Carlo Cipolla nos ense\u00f1\u00f3 en su estrategia inteligente. Y ese \u201c<em>amar\u00e1s al pr\u00f3jimo como a ti mismo<\/em>\u201d que ya encontramos en la Biblia. No inventamos nada, cierto. Lo que s\u00ed hacemos es incorporar esa dimensi\u00f3n a <strong>todas y cada una de nuestras acciones<\/strong> como profesionales de la salud y como pacientes (activos); como dirigentes y como ciudadanos; como empresarios y como trabajadores; como alumnos y como docentes; como familiares y como amigos. Como seres humanos solidarios.<\/p>\n<p>A ver si as\u00ed conseguimos aquello que propongo \u00faltimamente en mis conferencias: <span style=\"color: #0000ff\"><strong><em>\u201cDe tanto comportarnos como seres humanos \u00e9ticos, volveremos a sanarnos f\u00edsica, emocional, social y espiritualmente<\/em>.\u201d<\/strong><\/span><\/p>\n<p>El fen\u00f3meno \u201ccoronavirus\u201d nos ofrece una oportunidad \u00fanica para pasar, ya, a la<span style=\"color: #0000ff\"><strong> acci\u00f3n<\/strong><\/span><span style=\"color: #ff0000\"> <strong>\u00a1\u00a1\u00a1\u00a1 Adelante !!!!<\/strong><\/span><\/p>\n<p>Gracias Joan Carles.<\/p>\n<p>Gracias Mariola.<\/p>\n<p>Gracias Josep.<\/p>\n<p>Sin vosotros esto no hubiera sido posible.<\/p>\n<p>Con un <strong><span style=\"color: #ff0000\">c\u00e1lido abrazo<\/span><\/strong> (virtual y profundo a la vez) desde Granada<\/p>\n<p>Jos\u00e9 Luis Bimbela Pedrola<\/p>\n<p>PD: Y un regalo anti-miedos, CON TODA MI ALMA:<\/p>\n<p><a href=\"http:\/\/www.index-f.com\/memoria\/12\/12300.php\">http:\/\/www.index-f.com\/memoria\/12\/12300.php<\/a><\/p>\n<p>&nbsp;<\/p>\n","protected":false},"excerpt":{"rendered":"<p>Hoy, 20 de marzo de 2020, adem\u00e1s de la llegada de la primavera, celebramos tambi\u00e9n el D\u00eda Mundial de la Felicidad. Es una celebraci\u00f3n agridulce. El fen\u00f3meno \u201ccoronavirus\u201d nos ha obligado a aplazar la Jornada sobre la Prevenci\u00f3n del Suicidio que \u00edbamos a celebrar hoy, precisamente para empezar a ver otras formas de abordaje \u201cdistintas\u201d &hellip; <a href=\"https:\/\/www.easp.es\/web\/bimbela\/2020\/03\/dia-mundial-de-la-felicidad-y\/\" class=\"more-link\">Continuar leyendo<span class=\"screen-reader-text\"> \u00abD\u00cdA MUNDIAL DE LA FELICIDAD Y\u2026\u00bb<\/span><\/a><\/p>\n","protected":false},"author":2,"featured_media":0,"comment_status":"open","ping_status":"open","sticky":false,"template":"","format":"standard","meta":{"footnotes":""},"categories":[3],"tags":[],"class_list":["post-1422","post","type-post","status-publish","format-standard","hentry","category-general"],"_links":{"self":[{"href":"https:\/\/www.easp.es\/web\/bimbela\/wp-json\/wp\/v2\/posts\/1422","targetHints":{"allow":["GET"]}}],"collection":[{"href":"https:\/\/www.easp.es\/web\/bimbela\/wp-json\/wp\/v2\/posts"}],"about":[{"href":"https:\/\/www.easp.es\/web\/bimbela\/wp-json\/wp\/v2\/types\/post"}],"author":[{"embeddable":true,"href":"https:\/\/www.easp.es\/web\/bimbela\/wp-json\/wp\/v2\/users\/2"}],"replies":[{"embeddable":true,"href":"https:\/\/www.easp.es\/web\/bimbela\/wp-json\/wp\/v2\/comments?post=1422"}],"version-history":[{"count":4,"href":"https:\/\/www.easp.es\/web\/bimbela\/wp-json\/wp\/v2\/posts\/1422\/revisions"}],"predecessor-version":[{"id":1426,"href":"https:\/\/www.easp.es\/web\/bimbela\/wp-json\/wp\/v2\/posts\/1422\/revisions\/1426"}],"wp:attachment":[{"href":"https:\/\/www.easp.es\/web\/bimbela\/wp-json\/wp\/v2\/media?parent=1422"}],"wp:term":[{"taxonomy":"category","embeddable":true,"href":"https:\/\/www.easp.es\/web\/bimbela\/wp-json\/wp\/v2\/categories?post=1422"},{"taxonomy":"post_tag","embeddable":true,"href":"https:\/\/www.easp.es\/web\/bimbela\/wp-json\/wp\/v2\/tags?post=1422"}],"curies":[{"name":"wp","href":"https:\/\/api.w.org\/{rel}","templated":true}]}}