{"id":1537,"date":"2020-08-21T08:02:57","date_gmt":"2020-08-21T08:02:57","guid":{"rendered":"https:\/\/www.easp.es\/web\/bimbela\/?p=1537"},"modified":"2020-08-22T05:45:30","modified_gmt":"2020-08-22T05:45:30","slug":"salud-post-covid-reto-olimpico","status":"publish","type":"post","link":"https:\/\/www.easp.es\/web\/bimbela\/2020\/08\/salud-post-covid-reto-olimpico\/","title":{"rendered":"SALUD POST COVID: RETO OL\u00cdMPICO"},"content":{"rendered":"<p>Visto lo visto, acabo de escribir un art\u00edculo URGENTE que os transcribo aqu\u00ed, con algunos \u00e9nfasis (espacios, puntos suspensivos, <strong>negritas<\/strong>, <span style=\"color: #ff0000\"><strong>letras en rojo<\/strong><\/span>, <span style=\"color: #0000ff\"><strong>y en azul<\/strong><\/span>) que no permite la versi\u00f3n publicada en la prensa. Intento, con este breve escrito, poner mi granito de arena para detener esta segunda ola de contagios. Confieso que, tambi\u00e9n, es una manera de intentar salir del pozo de tristeza que me provoca comprobar, cada d\u00eda, la falta de consistencia y mantenimiento de las 4 conductas preventivas fundamentales.<\/p>\n<p><em>En 1992 viv\u00eda en mi ciudad natal, Barcelona, y pude disfrutar de los Juegos Ol\u00edmpicos. Para ser exactos, ser\u00eda mejor decir que pude disfrutar del \u201cambiente\u201d que rode\u00f3 los JJOO, pues no acud\u00ed al Estadio hasta unas semanas despu\u00e9s, cuando se celebraron los Juegos Paral\u00edmpicos (que realmente me impresionaron much\u00edsimo). Y ese \u201cambiente\u201d al que me refiero, es sobre el que me gustar\u00eda reflexionar visto el ambiente del verano 2020, el verano de la pandemia. <\/em><\/p>\n<p><em>Desde que Barcelona fue escogida, en 1986, sede de los JJOO la ciudad se instal\u00f3 en el entusiasmo, y en una suerte de \u201coptimismo inteligente\u201d (que hace y que act\u00faa para que los sue\u00f1os y los deseos se cumplan) imparables. El reto era enorme: hacer los mejores JJOO de la Era Moderna. La ciudadan\u00eda se moviliz\u00f3. La propia organizaci\u00f3n de los juegos se vio desbordada por el gran n\u00famero de personas que se presentaron como voluntarias. De hecho, todos \u00e9ramos voluntarios de la causa (oficial o extraoficialmente), y nos sent\u00edamos felices cuando pod\u00edamos ayudar a alg\u00fan turista despistado para que encontrase su hotel, un restaurante interesante o una calle escondida.<strong> <span style=\"color: #0000ff\">Las instituciones (todas) decidieron entenderse y se entendieron.<\/span><\/strong> Y remaron en la misma direcci\u00f3n. La sociedad civil, tambi\u00e9n. Fueron seis a\u00f1os (repito: seis a\u00f1os) creando, construyendo, sumando, creciendo\u2026 gozando por el reto asumido, la decisi\u00f3n tomada y las conductas (individuales, grupales y comunitarias) realizadas. Y ese entusiasmo sostenido, esa entrega a la causa que nos un\u00eda provoc\u00f3 \u201cmilagros\u201d inesperados en la salud f\u00edsica, emocional, social y \u00e9tica de la ciudadan\u00eda. En todos los barrios, en todos los estamentos de la sociedad, en todas las franjas de edad. Es m\u00e1s, el tiempo pasado nos da pistas de aspectos que ahora mejorar\u00edamos para evitar algunas de las consecuencias menos positivas que tuvieron los JJOO en Barcelona: encarecimiento de la vivienda, deslumbramiento excesivo ante los beneficios econ\u00f3micos del turismo, etc. <\/em><em><span style=\"color: #0000ff\"><strong>Gozamos, aprendimos y logramos el reto.<\/strong><\/span><\/em><\/p>\n<p><em>\u00a0<\/em><\/p>\n<p><em>\u00a0<\/em><em>Y ahora, en pleno verano COVID\u2026 \u00a0<strong><span style=\"color: #0000ff\">\u00bfC\u00f3mo lograr que todos y todas asumamos el colosal reto com\u00fan de salir <u>sanos y vivos<\/u> de esta pandemia? <\/span><\/strong><\/em><\/p>\n<p><strong><em>\u00a0<\/em><\/strong><em>Un reto, desde luego, much\u00edsimo m\u00e1s transcendental que el de los JJOO <\/em><\/p>\n<p><em>\u00a0<\/em><em>\u00bfC\u00f3mo lograremos, pues, <strong><span style=\"color: #0000ff\">entusiasmarnos<\/span><\/strong> hasta el punto de que<strong><span style=\"color: #ff0000\"> las 4 conductas saludables fundamentales (ponernos bien la mascarilla, mantener la distancia f\u00edsica, limpiarnos bien las manos y las extensiones de las mismas (m\u00f3viles), no tocarnos la cara) <\/span><\/strong>sean algo <span style=\"color: #0000ff\"><strong>gozoso y motivador<\/strong><\/span>, teniendo en cuenta el reto asumido y lo que nos jugamos individual y colectivamente?<\/em><\/p>\n<p><span style=\"color: #0000ff\"><em>\u00a0<\/em><strong><em>\u00bfSeremos capaces de disfrutar de este fabuloso reto? <\/em><\/strong><\/span><\/p>\n<p><em>\u00a0<\/em><em>\u00bfSeremos capaces de aplicar nuestra gran creatividad no a buscar formas de saltarnos las medidas de protecci\u00f3n (de todos\/as) sino a encontrar alterativas que pal\u00eden las consecuencias f\u00edsicas, emocionales, sociales y econ\u00f3micas de la propia pandemia y de las medidas necesarias para detener su expansi\u00f3n? <\/em><\/p>\n<p><em>Aqu\u00ed van algunas propuestas. De pr\u00f3jimo a pr\u00f3jimo. <\/em><\/p>\n<p><em>Disfrutemos, por favor, de cada acto de autocuidado y de cuidado de los dem\u00e1s.<\/em><\/p>\n<p><em>Valoremos, sinceramente, cada logro en cada una de las situaciones de mayor riesgo (reuni\u00f3n familiar, salida nocturna\u2026). <\/em><\/p>\n<p><em>Sint\u00e1monos felices por cada paso que hagamos para lograr el objetivo (mantenernos sanos y vivos). <\/em><\/p>\n<p><em>\u00a0<\/em><strong><em>Hemos estado aplaudiendo muchas tardes a los profesionales socio-sanitarios de este pa\u00eds por su memorable entrega. Gan\u00e9monos tambi\u00e9n ese aplauso. <\/em><span style=\"color: #0000ff\"><em>Aplaud\u00e1monos, pues, tambi\u00e9n nosotros y nosotras al finalizar el d\u00eda.<\/em><\/span><em> En la intimidad de nuestra casa primero (para irnos entrenando y perder el miedo) y en la exterioridad de los balcones despu\u00e9s para reforzarnos y mantenernos motivados. <\/em><\/strong><em>Eso s\u00ed,<strong><span style=\"color: #ff0000\"> con la mascarilla bien puesta, manteniendo la distancia, con las manos (y el m\u00f3vil) limpios, y sin tocarnos la cara. <\/span><\/strong><\/em><\/p>\n<p><em>Centr\u00e9monos en cada hoy. Generemos y contagiemos entusiasmo e ilusi\u00f3n en cada acto, en cada pensamiento, en cada comentario \u00bfEs posible? S\u00ed, si as\u00ed lo decidimos cada uno de nosotros\/as. El reto es enorme, gigantesco, tit\u00e1nico. Es un reto m\u00e1s que ol\u00edmpico. <strong><span style=\"color: #0000ff\">Es un reto\u2026. Total. <\/span><\/strong><\/em><\/p>\n<p>Un abrazo enorme (lleno de <span style=\"color: #0000ff\"><strong>entusiasmo y esperanza<\/strong><\/span>) desde Granada<\/p>\n<p>Jos\u00e9 Luis Bimbela Pedrola<\/p>\n<p>PD1: Desde ma\u00f1ana mismo, <span style=\"color: #ff0000\"><strong>s\u00e1bado 22 de agosto de 2020<\/strong><\/span> (ya sab\u00e9is que el s\u00e1bado es mi d\u00eda preferido de la semana):\u00a0<strong><span style=\"color: #0000ff\">Voy a salir CADA D\u00cdA al balc\u00f3n a las 20h. para aplaudirme\u00a0<\/span><\/strong>(si cada uno de esos d\u00edas me lo he ganado con mis conductas saludables).<\/p>\n<p><strong><em>\u00a0<\/em><span style=\"color: #0000ff\"><em>\u00a1\u00a1Os animo a sumaros a este <\/em><em>aplauso \u201ccomprometedor\u201d,<\/em><em> a este \u00ab<\/em><em>auto refuerzo pr\u00e1ctico\u00bb<\/em><em>, y a contagiar esa conducta por las <span style=\"color: #ff0000\">redes sociales<\/span>!!<\/em><\/span><\/strong><\/p>\n<p>PD2: Os paso la versi\u00f3n publicada hoy viernes en la prensa de Granada (<strong>IDEAL<\/strong>): <a href=\"https:\/\/www.easp.es\/web\/bimbela\/wp-content\/uploads\/sites\/3\/2020\/08\/Salud-post-Covid.-Reto-Olimpico.-IDEAL.-21-de-agosto-de-2020.-JL-Bimbela.pdf\">Salud post Covid. Reto Ol\u00edmpico. IDEAL. 21 de agosto de 2020. JL Bimbela<\/a><\/p>\n<p><img loading=\"lazy\" decoding=\"async\" class=\"alignright size-medium wp-image-1541\" src=\"https:\/\/www.easp.es\/web\/bimbela\/wp-content\/uploads\/sites\/3\/2020\/08\/Articulo-Bimbela-en-Portada-IDEAL-21-agosto-2020-225x300.jpg\" alt=\"\" width=\"225\" height=\"300\" srcset=\"https:\/\/www.easp.es\/web\/bimbela\/wp-content\/uploads\/sites\/3\/2020\/08\/Articulo-Bimbela-en-Portada-IDEAL-21-agosto-2020-225x300.jpg 225w, https:\/\/www.easp.es\/web\/bimbela\/wp-content\/uploads\/sites\/3\/2020\/08\/Articulo-Bimbela-en-Portada-IDEAL-21-agosto-2020-768x1024.jpg 768w, https:\/\/www.easp.es\/web\/bimbela\/wp-content\/uploads\/sites\/3\/2020\/08\/Articulo-Bimbela-en-Portada-IDEAL-21-agosto-2020-1152x1536.jpg 1152w, https:\/\/www.easp.es\/web\/bimbela\/wp-content\/uploads\/sites\/3\/2020\/08\/Articulo-Bimbela-en-Portada-IDEAL-21-agosto-2020-1536x2048.jpg 1536w, https:\/\/www.easp.es\/web\/bimbela\/wp-content\/uploads\/sites\/3\/2020\/08\/Articulo-Bimbela-en-Portada-IDEAL-21-agosto-2020-1200x1600.jpg 1200w, https:\/\/www.easp.es\/web\/bimbela\/wp-content\/uploads\/sites\/3\/2020\/08\/Articulo-Bimbela-en-Portada-IDEAL-21-agosto-2020-scaled.jpg 1920w\" sizes=\"auto, (max-width: 225px) 85vw, 225px\" \/><\/p>\n","protected":false},"excerpt":{"rendered":"<p>Visto lo visto, acabo de escribir un art\u00edculo URGENTE que os transcribo aqu\u00ed, con algunos \u00e9nfasis (espacios, puntos suspensivos, negritas, letras en rojo, y en azul) que no permite la versi\u00f3n publicada en la prensa. Intento, con este breve escrito, poner mi granito de arena para detener esta segunda ola de contagios. Confieso que, tambi\u00e9n, &hellip; <a href=\"https:\/\/www.easp.es\/web\/bimbela\/2020\/08\/salud-post-covid-reto-olimpico\/\" class=\"more-link\">Continuar leyendo<span class=\"screen-reader-text\"> \u00abSALUD POST COVID: RETO OL\u00cdMPICO\u00bb<\/span><\/a><\/p>\n","protected":false},"author":2,"featured_media":0,"comment_status":"open","ping_status":"open","sticky":false,"template":"","format":"standard","meta":{"footnotes":""},"categories":[3],"tags":[],"class_list":["post-1537","post","type-post","status-publish","format-standard","hentry","category-general"],"_links":{"self":[{"href":"https:\/\/www.easp.es\/web\/bimbela\/wp-json\/wp\/v2\/posts\/1537","targetHints":{"allow":["GET"]}}],"collection":[{"href":"https:\/\/www.easp.es\/web\/bimbela\/wp-json\/wp\/v2\/posts"}],"about":[{"href":"https:\/\/www.easp.es\/web\/bimbela\/wp-json\/wp\/v2\/types\/post"}],"author":[{"embeddable":true,"href":"https:\/\/www.easp.es\/web\/bimbela\/wp-json\/wp\/v2\/users\/2"}],"replies":[{"embeddable":true,"href":"https:\/\/www.easp.es\/web\/bimbela\/wp-json\/wp\/v2\/comments?post=1537"}],"version-history":[{"count":4,"href":"https:\/\/www.easp.es\/web\/bimbela\/wp-json\/wp\/v2\/posts\/1537\/revisions"}],"predecessor-version":[{"id":1543,"href":"https:\/\/www.easp.es\/web\/bimbela\/wp-json\/wp\/v2\/posts\/1537\/revisions\/1543"}],"wp:attachment":[{"href":"https:\/\/www.easp.es\/web\/bimbela\/wp-json\/wp\/v2\/media?parent=1537"}],"wp:term":[{"taxonomy":"category","embeddable":true,"href":"https:\/\/www.easp.es\/web\/bimbela\/wp-json\/wp\/v2\/categories?post=1537"},{"taxonomy":"post_tag","embeddable":true,"href":"https:\/\/www.easp.es\/web\/bimbela\/wp-json\/wp\/v2\/tags?post=1537"}],"curies":[{"name":"wp","href":"https:\/\/api.w.org\/{rel}","templated":true}]}}