{"id":1546,"date":"2020-09-03T11:12:38","date_gmt":"2020-09-03T11:12:38","guid":{"rendered":"https:\/\/www.easp.es\/web\/bimbela\/?p=1546"},"modified":"2020-09-26T05:56:41","modified_gmt":"2020-09-26T05:56:41","slug":"mas-regalos-jornada-virtual-dolor-humanizando-las-tecnologias","status":"publish","type":"post","link":"https:\/\/www.easp.es\/web\/bimbela\/2020\/09\/mas-regalos-jornada-virtual-dolor-humanizando-las-tecnologias\/","title":{"rendered":"M\u00e1s REGALOS: JORNADA VIRTUAL DOLOR \u00abHumanizando las tecnolog\u00edas\u00bb"},"content":{"rendered":"<p>Queridas\/os colegas<\/p>\n<p>Este a\u00f1o la <strong>Escuela Andaluza de Salud P\u00fablica<\/strong> est\u00e1 lanzada&#8230;<\/p>\n<p>Aqu\u00ed ten\u00e9is un nuevo REGALO:<\/p>\n<p><strong><span style=\"color: #0000ff\">JORNADA VIRTUAL sobre el DOLOR \u00ab<i>Humanizando las tecnolog\u00edas<\/i>\u00ab, el VIERNES 9 de OCTUBRE.\u00a0<\/span><\/strong><\/p>\n<p>Con Conferencias y Talleres \u00aben vivo y en directo\u00bb.<\/p>\n<p>Con aportaciones innovadoras sobre las tecnolog\u00edas humanas y las tecnolog\u00edas instrumentales.<\/p>\n<p>Y con un cierre sobre <em><strong>\u00ab\u00c9tica pr\u00e1ctica y dolor\u00bb<\/strong><\/em> imprescindible.<\/p>\n<p><span style=\"color: #ff0000\"><b>GRATUITAS y CON Inscripci\u00f3n (para escoger talleres)<\/b><\/span><\/p>\n<p>Aqu\u00ed est\u00e1 el enlace para ver el programa detallado y para inscribirse en la Jornada: <span id=\"yui_3_17_2_1_1599130593755_120\"><b id=\"yui_3_17_2_1_1599130593755_119\"><a id=\"yui_3_17_2_1_1599130593755_118\" href=\"https:\/\/www.easp.es\/project\/jornada-dolor-2020\/\" target=\"_blank\" rel=\"noreferrer noopener\">https:\/\/www.easp.es\/project\/jornada-dolor-2020\/<\/a><\/b><\/span><\/p>\n<h4><img loading=\"lazy\" decoding=\"async\" class=\"aligncenter size-medium wp-image-1571\" src=\"https:\/\/www.easp.es\/web\/bimbela\/wp-content\/uploads\/sites\/3\/2020\/09\/Jornada-Dolor-2020-300x213.jpg\" alt=\"\" width=\"300\" height=\"213\" srcset=\"https:\/\/www.easp.es\/web\/bimbela\/wp-content\/uploads\/sites\/3\/2020\/09\/Jornada-Dolor-2020-300x213.jpg 300w, https:\/\/www.easp.es\/web\/bimbela\/wp-content\/uploads\/sites\/3\/2020\/09\/Jornada-Dolor-2020.jpg 439w\" sizes=\"auto, (max-width: 300px) 85vw, 300px\" \/><\/h4>\n<h4>\u00a1\u00a1\u00a1 Os esperamos !!!<\/h4>\n<h4>Abrazo enorme. ES Un GRAN placer compartir esta PRIMICIA con vosotras\/os<\/h4>\n<p>JL Bimbela Pedrola<\/p>\n","protected":false},"excerpt":{"rendered":"<p>Queridas\/os colegas Este a\u00f1o la Escuela Andaluza de Salud P\u00fablica est\u00e1 lanzada&#8230; Aqu\u00ed ten\u00e9is un nuevo REGALO: JORNADA VIRTUAL sobre el DOLOR \u00abHumanizando las tecnolog\u00edas\u00ab, el VIERNES 9 de OCTUBRE.\u00a0 Con Conferencias y Talleres \u00aben vivo y en directo\u00bb. Con aportaciones innovadoras sobre las tecnolog\u00edas humanas y las tecnolog\u00edas instrumentales. Y con un cierre sobre &hellip; <a href=\"https:\/\/www.easp.es\/web\/bimbela\/2020\/09\/mas-regalos-jornada-virtual-dolor-humanizando-las-tecnologias\/\" class=\"more-link\">Continuar leyendo<span class=\"screen-reader-text\"> \u00abM\u00e1s REGALOS: JORNADA VIRTUAL DOLOR \u00abHumanizando las tecnolog\u00edas\u00bb\u00bb<\/span><\/a><\/p>\n","protected":false},"author":2,"featured_media":0,"comment_status":"open","ping_status":"open","sticky":false,"template":"","format":"standard","meta":{"footnotes":""},"categories":[3],"tags":[],"class_list":["post-1546","post","type-post","status-publish","format-standard","hentry","category-general"],"_links":{"self":[{"href":"https:\/\/www.easp.es\/web\/bimbela\/wp-json\/wp\/v2\/posts\/1546","targetHints":{"allow":["GET"]}}],"collection":[{"href":"https:\/\/www.easp.es\/web\/bimbela\/wp-json\/wp\/v2\/posts"}],"about":[{"href":"https:\/\/www.easp.es\/web\/bimbela\/wp-json\/wp\/v2\/types\/post"}],"author":[{"embeddable":true,"href":"https:\/\/www.easp.es\/web\/bimbela\/wp-json\/wp\/v2\/users\/2"}],"replies":[{"embeddable":true,"href":"https:\/\/www.easp.es\/web\/bimbela\/wp-json\/wp\/v2\/comments?post=1546"}],"version-history":[{"count":3,"href":"https:\/\/www.easp.es\/web\/bimbela\/wp-json\/wp\/v2\/posts\/1546\/revisions"}],"predecessor-version":[{"id":1572,"href":"https:\/\/www.easp.es\/web\/bimbela\/wp-json\/wp\/v2\/posts\/1546\/revisions\/1572"}],"wp:attachment":[{"href":"https:\/\/www.easp.es\/web\/bimbela\/wp-json\/wp\/v2\/media?parent=1546"}],"wp:term":[{"taxonomy":"category","embeddable":true,"href":"https:\/\/www.easp.es\/web\/bimbela\/wp-json\/wp\/v2\/categories?post=1546"},{"taxonomy":"post_tag","embeddable":true,"href":"https:\/\/www.easp.es\/web\/bimbela\/wp-json\/wp\/v2\/tags?post=1546"}],"curies":[{"name":"wp","href":"https:\/\/api.w.org\/{rel}","templated":true}]}}