{"id":1586,"date":"2020-11-21T06:52:44","date_gmt":"2020-11-21T06:52:44","guid":{"rendered":"https:\/\/www.easp.es\/web\/bimbela\/?p=1586"},"modified":"2020-11-21T06:52:44","modified_gmt":"2020-11-21T06:52:44","slug":"apasionante-jornada-sobre-el-suicidio","status":"publish","type":"post","link":"https:\/\/www.easp.es\/web\/bimbela\/2020\/11\/apasionante-jornada-sobre-el-suicidio\/","title":{"rendered":"APASIONANTE JORNADA SOBRE EL SUICIDIO"},"content":{"rendered":"<p>Finalmente pudimos cumplir un sue\u00f1o. El pasado 13 de noviembre logramos celebrar la <strong>Jornada Virtual S\u00edncrona<\/strong> sobre la <span style=\"color: #0000ff\"><strong>Prevenci\u00f3n del Suicidio<\/strong><\/span>. Con toda una instituci\u00f3n, la <strong>Escuela Andaluza de Salud P\u00fablica (EASP)<\/strong> implicada. Entregada en cuerpo y alma. Con sus conocimientos y sus entusiasmos. Con sus capacidades y sus ilusiones. Un equipo humano extraordinario. Una maravilla.<\/p>\n<p>Con un plantel de ponentes sabios, l\u00facidos y comprometidos.\u00a0 Que dieron lo mejor de s\u00ed mismos (y de s\u00ed mismas) en conferencias y talleres.\u00a0 Con amor y honestidad. Con humildad y entrega. Y con unas autoridades que apoyaron, reforzaron y consolidaron, con dichos y con hechos. Otra maravilla.<\/p>\n<p>Con m\u00e1s de 1.500 personas inscritas, provenientes de Andaluc\u00eda, de Espa\u00f1a y de numerosos pa\u00edses de habla hispana. Que participaron en vivo y en directo. Preguntando y opinando. Sumando aportaciones y agradeciendo actos. Una tercera maravilla.<\/p>\n<p>Y ahora, una semana despu\u00e9s de esa apasionante Jornada, es un placer enorme, regalaros lo que all\u00ed ocurri\u00f3. Las ponencias de la ma\u00f1ana, los talleres de la tarde y las conferencias de cierre. Adem\u00e1s, para que pod\u00e1is hacer un seguimiento c\u00f3modo, el programa detallado de la misma.<\/p>\n<p><a href=\"https:\/\/www.easp.es\/web\/bimbela\/wp-content\/uploads\/sites\/3\/2020\/11\/Jornada-Prevencion-Suicidio-EASP-2020-PROGRAMA.pdf\">Jornada Prevenci\u00f3n Suicidio &#8211; EASP 2020 PROGRAMA<\/a><\/p>\n<p>Pleno de la ma\u00f1ana:\u00a0<a href=\"https:\/\/www.youtube.com\/watch?v=Tahuza77xsQ&amp;feature=youtu.be\">https:\/\/www.youtube.com\/watch?v=Tahuza77xsQ&amp;feature=youtu.be<\/a><\/p>\n<p>Taller 1: <a href=\"https:\/\/www.youtube.com\/watch?v=0Qlhrg1xrNw&amp;feature=youtu.be\">https:\/\/www.youtube.com\/watch?v=0Qlhrg1xrNw&amp;feature=youtu.be<\/a><\/p>\n<p>Taller 2:\u00a0<a href=\"https:\/\/www.youtube.com\/watch?v=n2mDlma36DY&amp;feature=youtu.be\">https:\/\/www.youtube.com\/watch?v=n2mDlma36DY&amp;feature=youtu.be<\/a><\/p>\n<p>Taller 3:\u00a0<a href=\"https:\/\/www.youtube.com\/watch?v=0TZOO-jgU7o&amp;feature=youtu.be\">https:\/\/www.youtube.com\/watch?v=0TZOO-jgU7o&amp;feature=youtu.be<\/a><\/p>\n<p>Taller 4:\u00a0<a href=\"https:\/\/www.youtube.com\/watch?v=5iKdfPi_hxc&amp;feature=youtu.be\">https:\/\/www.youtube.com\/watch?v=5iKdfPi_hxc&amp;feature=youtu.be<\/a><\/p>\n<p>Taller 5:\u00a0<a href=\"https:\/\/www.youtube.com\/watch?v=CvqORxdfkzg&amp;feature=youtu.be\">https:\/\/www.youtube.com\/watch?v=CvqORxdfkzg&amp;feature=youtu.be<\/a><\/p>\n<p>Taller 6:\u00a0<a href=\"https:\/\/www.youtube.com\/watch?v=lC_Hy1I7wk8&amp;feature=youtu.be\">https:\/\/www.youtube.com\/watch?v=lC_Hy1I7wk8&amp;feature=youtu.be<\/a><\/p>\n<p>Pleno de la tarde:\u00a0<a href=\"https:\/\/www.youtube.com\/watch?v=kCPRdEhuTwA&amp;feature=youtu.be\">https:\/\/www.youtube.com\/watch?v=kCPRdEhuTwA&amp;feature=youtu.be<\/a><\/p>\n<p><strong>ABRAZO ENORME <span style=\"color: #ff0000\">(CORAZ\u00d3N CON CORAZ\u00d3N)<\/span> DESDE GRANADA<\/strong><\/p>\n<p>Jos\u00e9 Luis Bimbela Pedrola<\/p>\n<p><img loading=\"lazy\" decoding=\"async\" class=\"aligncenter size-full wp-image-1568\" src=\"https:\/\/www.easp.es\/web\/bimbela\/wp-content\/uploads\/sites\/3\/2020\/09\/prevencion-suicidio-1-725x1024-1.jpg\" alt=\"\" width=\"725\" height=\"1024\" srcset=\"https:\/\/www.easp.es\/web\/bimbela\/wp-content\/uploads\/sites\/3\/2020\/09\/prevencion-suicidio-1-725x1024-1.jpg 725w, https:\/\/www.easp.es\/web\/bimbela\/wp-content\/uploads\/sites\/3\/2020\/09\/prevencion-suicidio-1-725x1024-1-212x300.jpg 212w\" sizes=\"auto, (max-width: 709px) 85vw, (max-width: 909px) 67vw, (max-width: 984px) 61vw, (max-width: 1362px) 45vw, 600px\" \/><\/p>\n<p>&nbsp;<\/p>\n<p>&nbsp;<\/p>\n<p>&nbsp;<\/p>\n<p>&nbsp;<\/p>\n<p>&nbsp;<\/p>\n","protected":false},"excerpt":{"rendered":"<p>Finalmente pudimos cumplir un sue\u00f1o. El pasado 13 de noviembre logramos celebrar la Jornada Virtual S\u00edncrona sobre la Prevenci\u00f3n del Suicidio. Con toda una instituci\u00f3n, la Escuela Andaluza de Salud P\u00fablica (EASP) implicada. Entregada en cuerpo y alma. Con sus conocimientos y sus entusiasmos. Con sus capacidades y sus ilusiones. Un equipo humano extraordinario. Una &hellip; <a href=\"https:\/\/www.easp.es\/web\/bimbela\/2020\/11\/apasionante-jornada-sobre-el-suicidio\/\" class=\"more-link\">Continuar leyendo<span class=\"screen-reader-text\"> \u00abAPASIONANTE JORNADA SOBRE EL SUICIDIO\u00bb<\/span><\/a><\/p>\n","protected":false},"author":2,"featured_media":0,"comment_status":"open","ping_status":"open","sticky":false,"template":"","format":"standard","meta":{"footnotes":""},"categories":[3],"tags":[],"class_list":["post-1586","post","type-post","status-publish","format-standard","hentry","category-general"],"_links":{"self":[{"href":"https:\/\/www.easp.es\/web\/bimbela\/wp-json\/wp\/v2\/posts\/1586","targetHints":{"allow":["GET"]}}],"collection":[{"href":"https:\/\/www.easp.es\/web\/bimbela\/wp-json\/wp\/v2\/posts"}],"about":[{"href":"https:\/\/www.easp.es\/web\/bimbela\/wp-json\/wp\/v2\/types\/post"}],"author":[{"embeddable":true,"href":"https:\/\/www.easp.es\/web\/bimbela\/wp-json\/wp\/v2\/users\/2"}],"replies":[{"embeddable":true,"href":"https:\/\/www.easp.es\/web\/bimbela\/wp-json\/wp\/v2\/comments?post=1586"}],"version-history":[{"count":1,"href":"https:\/\/www.easp.es\/web\/bimbela\/wp-json\/wp\/v2\/posts\/1586\/revisions"}],"predecessor-version":[{"id":1589,"href":"https:\/\/www.easp.es\/web\/bimbela\/wp-json\/wp\/v2\/posts\/1586\/revisions\/1589"}],"wp:attachment":[{"href":"https:\/\/www.easp.es\/web\/bimbela\/wp-json\/wp\/v2\/media?parent=1586"}],"wp:term":[{"taxonomy":"category","embeddable":true,"href":"https:\/\/www.easp.es\/web\/bimbela\/wp-json\/wp\/v2\/categories?post=1586"},{"taxonomy":"post_tag","embeddable":true,"href":"https:\/\/www.easp.es\/web\/bimbela\/wp-json\/wp\/v2\/tags?post=1586"}],"curies":[{"name":"wp","href":"https:\/\/api.w.org\/{rel}","templated":true}]}}