{"id":1601,"date":"2020-12-12T07:47:10","date_gmt":"2020-12-12T07:47:10","guid":{"rendered":"https:\/\/www.easp.es\/web\/bimbela\/?p=1601"},"modified":"2020-12-12T08:13:13","modified_gmt":"2020-12-12T08:13:13","slug":"seguimos-ampliando-las-emes-preventivas","status":"publish","type":"post","link":"https:\/\/www.easp.es\/web\/bimbela\/2020\/12\/seguimos-ampliando-las-emes-preventivas\/","title":{"rendered":"Seguimos ampliando las Emes preventivas."},"content":{"rendered":"<p>Tras nuestra \u00faltima ampliaci\u00f3n, el pasado 10 de noviembre, seguimos ampliando las Emes preventivas. Ahora, con una preciosa palabra que ha ca\u00eddo en un cierto desuso y que nos encanta. La <strong><span style=\"color: #800080\">M de MORADA<\/span><\/strong>; con un subt\u00edtulo claro y concreto: <span style=\"color: #800080\"><strong>Me quedo en casa si me indican cuarentena o aislamiento<\/strong>.<\/span> Con nuestro agradecimiento al <strong>Dr. Joan Cayl\u00e0<\/strong>, epidemi\u00f3logo y amigo, que nos puso sobre la pista y nos asesor\u00f3 en los detalles.<\/p>\n<p><img loading=\"lazy\" decoding=\"async\" class=\"alignnone wp-image-1557 size-full\" src=\"https:\/\/www.easp.es\/web\/coronavirusysaludpublica\/wp-content\/uploads\/sites\/17\/2020\/12\/Sumando-las-7-eMes-Preventivas-VERSiON-3.jpg\" alt=\"\" width=\"1748\" height=\"1317\" \/><\/p>\n<p>Con un elegante y vistoso dise\u00f1o de nuestra compa\u00f1era <strong>Giulia Fern\u00e1ndez Avagliano<\/strong>, que ha incorporado en el c\u00edrculo central un verbo clave para una prevenci\u00f3n eficaz (\u00ab<strong>SUMAR<\/strong>\u00bb) que sustituye al conjunto de copulativas (y) que ya empezaba a resultar<span style=\"color: #000000\"> est\u00e9ticamente <\/span>excesivo.<\/p>\n<p>Por otro lado, nos complace animar a los lectores y a las lectoras a\u00a0encontrar una octava<span style=\"color: #ff6600\"><strong> M<\/strong> <\/span>que nos est\u00e1 resultando muy escurridiza. Y es la que tiene que ver con la<span style=\"color: #ff6600\"><strong> Ventilaci\u00f3n<\/strong><\/span>; ese factor tan importante a la hora de evitar contagios. Estaremos encantados en actualizar nuestro gr\u00e1fico con esa ansiada octava M.<\/p>\n<p>El reto est\u00e1 servido.<\/p>\n<p>Feliz s\u00e1bado \u00a1\u00a1<\/p>\n<p>Jos\u00e9 Luis Bimbela Pedrola.<\/p>\n<p>Hoy, utilizando la primera personal del plural, en homenaje a todas y todos las\/los colegas de la <strong>Escuela Andaluza de Salud P\u00fablica (EASP) <\/strong>que tanto est\u00e1n entreg\u00e1ndose, <strong><span style=\"color: #ff0000\">en cuerpo y alma<\/span><\/strong>, para plantar cara a esta pandemia. Por ejemplo, con el magn\u00edfico blog <em>C<strong><em>o<\/em>mprender el COVID-19 desde una perspectiva de salud p\u00fablica,<\/strong><\/em> donde publiqu\u00e9 la entrada que hoy acabo de reproducir: <a href=\"https:\/\/www.easp.es\/web\/coronavirusysaludpublica\/\">https:\/\/www.easp.es\/web\/coronavirusysaludpublica\/<\/a><\/p>\n","protected":false},"excerpt":{"rendered":"<p>Tras nuestra \u00faltima ampliaci\u00f3n, el pasado 10 de noviembre, seguimos ampliando las Emes preventivas. Ahora, con una preciosa palabra que ha ca\u00eddo en un cierto desuso y que nos encanta. La M de MORADA; con un subt\u00edtulo claro y concreto: Me quedo en casa si me indican cuarentena o aislamiento. Con nuestro agradecimiento al Dr. &hellip; <a href=\"https:\/\/www.easp.es\/web\/bimbela\/2020\/12\/seguimos-ampliando-las-emes-preventivas\/\" class=\"more-link\">Continuar leyendo<span class=\"screen-reader-text\"> \u00abSeguimos ampliando las Emes preventivas.\u00bb<\/span><\/a><\/p>\n","protected":false},"author":2,"featured_media":0,"comment_status":"open","ping_status":"open","sticky":false,"template":"","format":"standard","meta":{"footnotes":""},"categories":[3],"tags":[],"class_list":["post-1601","post","type-post","status-publish","format-standard","hentry","category-general"],"_links":{"self":[{"href":"https:\/\/www.easp.es\/web\/bimbela\/wp-json\/wp\/v2\/posts\/1601","targetHints":{"allow":["GET"]}}],"collection":[{"href":"https:\/\/www.easp.es\/web\/bimbela\/wp-json\/wp\/v2\/posts"}],"about":[{"href":"https:\/\/www.easp.es\/web\/bimbela\/wp-json\/wp\/v2\/types\/post"}],"author":[{"embeddable":true,"href":"https:\/\/www.easp.es\/web\/bimbela\/wp-json\/wp\/v2\/users\/2"}],"replies":[{"embeddable":true,"href":"https:\/\/www.easp.es\/web\/bimbela\/wp-json\/wp\/v2\/comments?post=1601"}],"version-history":[{"count":4,"href":"https:\/\/www.easp.es\/web\/bimbela\/wp-json\/wp\/v2\/posts\/1601\/revisions"}],"predecessor-version":[{"id":1605,"href":"https:\/\/www.easp.es\/web\/bimbela\/wp-json\/wp\/v2\/posts\/1601\/revisions\/1605"}],"wp:attachment":[{"href":"https:\/\/www.easp.es\/web\/bimbela\/wp-json\/wp\/v2\/media?parent=1601"}],"wp:term":[{"taxonomy":"category","embeddable":true,"href":"https:\/\/www.easp.es\/web\/bimbela\/wp-json\/wp\/v2\/categories?post=1601"},{"taxonomy":"post_tag","embeddable":true,"href":"https:\/\/www.easp.es\/web\/bimbela\/wp-json\/wp\/v2\/tags?post=1601"}],"curies":[{"name":"wp","href":"https:\/\/api.w.org\/{rel}","templated":true}]}}