{"id":1609,"date":"2020-12-19T08:03:57","date_gmt":"2020-12-19T08:03:57","guid":{"rendered":"https:\/\/www.easp.es\/web\/bimbela\/?p=1609"},"modified":"2020-12-19T08:13:36","modified_gmt":"2020-12-19T08:13:36","slug":"feliz-dia-mundial-de-la-solidaridad","status":"publish","type":"post","link":"https:\/\/www.easp.es\/web\/bimbela\/2020\/12\/feliz-dia-mundial-de-la-solidaridad\/","title":{"rendered":"\u00a1\u00a1 FELIZ D\u00cdA MUNDIAL DE LA SOLIDARIDAD !!"},"content":{"rendered":"<p>Para celebrar que ma\u00f1ana <strong>20 de diciembre<\/strong> es el <strong><span style=\"color: #0000ff\">D\u00cdA MUNDIAL DE LA SOLIDARIDAD<\/span><\/strong>, me complace anunciar que, a partir de este mes, los beneficios econ\u00f3micos por la venta de mi libro <strong><span style=\"color: #993300\">\u00ab<em>yo decido. La tecnolog\u00eda con alma\u00bb<\/em>\u00a0<\/span><\/strong> ser\u00e1n para una ONG de Granada: <em><strong>M\u00fasica para despertar<\/strong><\/em>. Una ONG a la que admiro profundamente, y que promueve el uso terap\u00e9utico de la m\u00fasica en personas con Alzheimer y otras demencias:<\/p>\n<p><a href=\"https:\/\/www.musicaparadespertar.com\/\">https:\/\/www.musicaparadespertar.com\/<\/a><\/p>\n<p><img loading=\"lazy\" decoding=\"async\" class=\"aligncenter size-full wp-image-1610\" src=\"https:\/\/www.easp.es\/web\/bimbela\/wp-content\/uploads\/sites\/3\/2020\/12\/Portada-yo-decido.jpg\" alt=\"\" width=\"360\" height=\"504\" srcset=\"https:\/\/www.easp.es\/web\/bimbela\/wp-content\/uploads\/sites\/3\/2020\/12\/Portada-yo-decido.jpg 360w, https:\/\/www.easp.es\/web\/bimbela\/wp-content\/uploads\/sites\/3\/2020\/12\/Portada-yo-decido-214x300.jpg 214w\" sizes=\"auto, (max-width: 360px) 85vw, 360px\" \/><\/p>\n<p>Edici\u00f3n en papel:\u00a0 <a href=\"https:\/\/www.edesclee.com\/tematicas\/crecimiento-personal\/yo-decido-la-tecnologia-con-alma-detail?search_query=yo+decido&amp;results=1\">https:\/\/www.edesclee.com\/tematicas\/crecimiento-personal\/yo-decido-la-tecnologia-con-alma-detail?search_query=yo+decido&amp;results=1<\/a><\/p>\n<ul>\n<li style=\"list-style-type: none\">\n<ul>\n<li>Edici\u00f3n digital:\u00a0<a href=\"https:\/\/www.ebooks.edesclee.com\/yo-decido\">https:\/\/www.ebooks.edesclee.com\/yo-decido<\/a><\/li>\n<\/ul>\n<\/li>\n<\/ul>\n<p>Con una foto conmemorativa. Paseando feliz por Granada, un soleado domingo de diciembre, con la camiseta de \u00ab<em><strong>M\u00fasica para despertar\u00bb<\/strong><\/em>.<\/p>\n<p><img loading=\"lazy\" decoding=\"async\" class=\"aligncenter size-full wp-image-1613\" src=\"https:\/\/www.easp.es\/web\/bimbela\/wp-content\/uploads\/sites\/3\/2020\/12\/Paseo-dominical-Granada-2020.jpg\" alt=\"\" width=\"465\" height=\"1186\" srcset=\"https:\/\/www.easp.es\/web\/bimbela\/wp-content\/uploads\/sites\/3\/2020\/12\/Paseo-dominical-Granada-2020.jpg 465w, https:\/\/www.easp.es\/web\/bimbela\/wp-content\/uploads\/sites\/3\/2020\/12\/Paseo-dominical-Granada-2020-118x300.jpg 118w, https:\/\/www.easp.es\/web\/bimbela\/wp-content\/uploads\/sites\/3\/2020\/12\/Paseo-dominical-Granada-2020-401x1024.jpg 401w\" sizes=\"auto, (max-width: 465px) 85vw, 465px\" \/><\/p>\n<p><span style=\"color: #0000ff\"><strong>ABRAZO ENORME DESDE GRANADA<\/strong><\/span><\/p>\n<p>JOS\u00c9 LUIS BIMBELA PEDROLA<\/p>\n","protected":false},"excerpt":{"rendered":"<p>Para celebrar que ma\u00f1ana 20 de diciembre es el D\u00cdA MUNDIAL DE LA SOLIDARIDAD, me complace anunciar que, a partir de este mes, los beneficios econ\u00f3micos por la venta de mi libro \u00abyo decido. La tecnolog\u00eda con alma\u00bb\u00a0 ser\u00e1n para una ONG de Granada: M\u00fasica para despertar. Una ONG a la que admiro profundamente, y &hellip; <a href=\"https:\/\/www.easp.es\/web\/bimbela\/2020\/12\/feliz-dia-mundial-de-la-solidaridad\/\" class=\"more-link\">Continuar leyendo<span class=\"screen-reader-text\"> \u00ab\u00a1\u00a1 FELIZ D\u00cdA MUNDIAL DE LA SOLIDARIDAD !!\u00bb<\/span><\/a><\/p>\n","protected":false},"author":2,"featured_media":0,"comment_status":"open","ping_status":"open","sticky":false,"template":"","format":"standard","meta":{"footnotes":""},"categories":[3],"tags":[],"class_list":["post-1609","post","type-post","status-publish","format-standard","hentry","category-general"],"_links":{"self":[{"href":"https:\/\/www.easp.es\/web\/bimbela\/wp-json\/wp\/v2\/posts\/1609","targetHints":{"allow":["GET"]}}],"collection":[{"href":"https:\/\/www.easp.es\/web\/bimbela\/wp-json\/wp\/v2\/posts"}],"about":[{"href":"https:\/\/www.easp.es\/web\/bimbela\/wp-json\/wp\/v2\/types\/post"}],"author":[{"embeddable":true,"href":"https:\/\/www.easp.es\/web\/bimbela\/wp-json\/wp\/v2\/users\/2"}],"replies":[{"embeddable":true,"href":"https:\/\/www.easp.es\/web\/bimbela\/wp-json\/wp\/v2\/comments?post=1609"}],"version-history":[{"count":5,"href":"https:\/\/www.easp.es\/web\/bimbela\/wp-json\/wp\/v2\/posts\/1609\/revisions"}],"predecessor-version":[{"id":1616,"href":"https:\/\/www.easp.es\/web\/bimbela\/wp-json\/wp\/v2\/posts\/1609\/revisions\/1616"}],"wp:attachment":[{"href":"https:\/\/www.easp.es\/web\/bimbela\/wp-json\/wp\/v2\/media?parent=1609"}],"wp:term":[{"taxonomy":"category","embeddable":true,"href":"https:\/\/www.easp.es\/web\/bimbela\/wp-json\/wp\/v2\/categories?post=1609"},{"taxonomy":"post_tag","embeddable":true,"href":"https:\/\/www.easp.es\/web\/bimbela\/wp-json\/wp\/v2\/tags?post=1609"}],"curies":[{"name":"wp","href":"https:\/\/api.w.org\/{rel}","templated":true}]}}