{"id":1618,"date":"2020-12-29T09:33:35","date_gmt":"2020-12-29T09:33:35","guid":{"rendered":"https:\/\/www.easp.es\/web\/bimbela\/?p=1618"},"modified":"2020-12-29T10:04:53","modified_gmt":"2020-12-29T10:04:53","slug":"con-8-basta-de-momento","status":"publish","type":"post","link":"https:\/\/www.easp.es\/web\/bimbela\/2020\/12\/con-8-basta-de-momento\/","title":{"rendered":"CON 8 BASTA&#8230; DE MOMENTO"},"content":{"rendered":"<p>Queridas y queridos colegas:<\/p>\n<p>Nuestra\u00a0<em>llamada-reto<\/em>, en relaci\u00f3n con la octava <strong>M preventiva<\/strong> (vinculada a la <span style=\"color: #0000ff\"><strong>Ventilaci\u00f3n<\/strong><\/span>), ha tenido eco; y hemos recibido un buen n\u00famero de propuestas, enormemente sugerentes y creativas.<\/p>\n<p>Tras aplicar ciertas dosis de reflexi\u00f3n e intuici\u00f3n nos hemos quedado con: <span style=\"color: #0000ff\">\u201c<\/span><strong><span style=\"color: #0000ff\">M\u00e1s y mejor ventilaci\u00f3n. <\/span><\/strong><span style=\"color: #0000ff\">Mantengo los espacios bien ventilados<\/span>\u201d.<\/p>\n<p>Y aqu\u00ed presentamos \u00aben sociedad\u00bb el nuevo esquema con las <span style=\"color: #0000ff\"><strong>8 M preventivas frente a la Covid-19:<\/strong><\/span><\/p>\n<p><img loading=\"lazy\" decoding=\"async\" class=\"aligncenter size-full wp-image-1619\" src=\"https:\/\/www.easp.es\/web\/bimbela\/wp-content\/uploads\/sites\/3\/2020\/12\/Con-8-basta.-Las-8-M-preventivas-frente-a-la-COVID-19.jpg\" alt=\"\" width=\"1600\" height=\"1205\" srcset=\"https:\/\/www.easp.es\/web\/bimbela\/wp-content\/uploads\/sites\/3\/2020\/12\/Con-8-basta.-Las-8-M-preventivas-frente-a-la-COVID-19.jpg 1600w, https:\/\/www.easp.es\/web\/bimbela\/wp-content\/uploads\/sites\/3\/2020\/12\/Con-8-basta.-Las-8-M-preventivas-frente-a-la-COVID-19-300x226.jpg 300w, https:\/\/www.easp.es\/web\/bimbela\/wp-content\/uploads\/sites\/3\/2020\/12\/Con-8-basta.-Las-8-M-preventivas-frente-a-la-COVID-19-1024x771.jpg 1024w, https:\/\/www.easp.es\/web\/bimbela\/wp-content\/uploads\/sites\/3\/2020\/12\/Con-8-basta.-Las-8-M-preventivas-frente-a-la-COVID-19-768x578.jpg 768w, https:\/\/www.easp.es\/web\/bimbela\/wp-content\/uploads\/sites\/3\/2020\/12\/Con-8-basta.-Las-8-M-preventivas-frente-a-la-COVID-19-1536x1157.jpg 1536w, https:\/\/www.easp.es\/web\/bimbela\/wp-content\/uploads\/sites\/3\/2020\/12\/Con-8-basta.-Las-8-M-preventivas-frente-a-la-COVID-19-1200x904.jpg 1200w\" sizes=\"auto, (max-width: 709px) 85vw, (max-width: 909px) 67vw, (max-width: 1362px) 62vw, 840px\" \/><\/p>\n<p>Con un gran abrazo \u00abventilado\u00bb y solidario desde Granada<\/p>\n<p>Jos\u00e9 Luis Bimbela Pedrola<\/p>\n<p>PD: Algunas de las propuestas recibidas eran muy po\u00e9ticas, otras muy pr\u00e1cticas,\u00a0 algunas muy m\u00e1gicas. Aqu\u00ed va una muestra, con el agradecimiento a todas las personas que han colaborado:<\/p>\n<p><span style=\"color: #0000ff\"><strong>Mareas en el aire; Minutos de ventilaci\u00f3n; Modo ventilaci\u00f3n; Momentos de ventilaci\u00f3n; Mudar el aire; Microclima ventilado; Mantra: ventila, ventila, ventila; M\u00fasica de viento; Mover el aire; Magia de la ventilaci\u00f3n.<\/strong><\/span><\/p>\n<p>Adem\u00e1s, adjunto enlace con <strong>Gu\u00eda para ventilaci\u00f3n en aulas de CSIC<\/strong>.\u00a0 Una gu\u00eda con indicaciones sobre c\u00f3mo ventilar correctamente para reducir el riesgo de contagio por Covid-19. Incluye pautas para la ventilaci\u00f3n y purificaci\u00f3n del aire seg\u00fan el volumen de la sala, el n\u00famero y la edad de los ocupantes, la actividad realizada y la incidencia en la regi\u00f3n:<\/p>\n<p><a href=\"https:\/\/www.ciencia.gob.es\/stfls\/MICINN\/Ministerio\/FICHEROS\/Guia_para_ventilacion_en_aulas_CSIC_v4.pdf\">https:\/\/www.ciencia.gob.es\/stfls\/MICINN\/Ministerio\/FICHEROS\/Guia_para_ventilacion_en_aulas_CSIC_v4.pdf<\/a><\/p>\n","protected":false},"excerpt":{"rendered":"<p>Queridas y queridos colegas: Nuestra\u00a0llamada-reto, en relaci\u00f3n con la octava M preventiva (vinculada a la Ventilaci\u00f3n), ha tenido eco; y hemos recibido un buen n\u00famero de propuestas, enormemente sugerentes y creativas. Tras aplicar ciertas dosis de reflexi\u00f3n e intuici\u00f3n nos hemos quedado con: \u201cM\u00e1s y mejor ventilaci\u00f3n. Mantengo los espacios bien ventilados\u201d. Y aqu\u00ed presentamos &hellip; <a href=\"https:\/\/www.easp.es\/web\/bimbela\/2020\/12\/con-8-basta-de-momento\/\" class=\"more-link\">Continuar leyendo<span class=\"screen-reader-text\"> \u00abCON 8 BASTA&#8230; DE MOMENTO\u00bb<\/span><\/a><\/p>\n","protected":false},"author":2,"featured_media":0,"comment_status":"open","ping_status":"open","sticky":false,"template":"","format":"standard","meta":{"footnotes":""},"categories":[3],"tags":[],"class_list":["post-1618","post","type-post","status-publish","format-standard","hentry","category-general"],"_links":{"self":[{"href":"https:\/\/www.easp.es\/web\/bimbela\/wp-json\/wp\/v2\/posts\/1618","targetHints":{"allow":["GET"]}}],"collection":[{"href":"https:\/\/www.easp.es\/web\/bimbela\/wp-json\/wp\/v2\/posts"}],"about":[{"href":"https:\/\/www.easp.es\/web\/bimbela\/wp-json\/wp\/v2\/types\/post"}],"author":[{"embeddable":true,"href":"https:\/\/www.easp.es\/web\/bimbela\/wp-json\/wp\/v2\/users\/2"}],"replies":[{"embeddable":true,"href":"https:\/\/www.easp.es\/web\/bimbela\/wp-json\/wp\/v2\/comments?post=1618"}],"version-history":[{"count":4,"href":"https:\/\/www.easp.es\/web\/bimbela\/wp-json\/wp\/v2\/posts\/1618\/revisions"}],"predecessor-version":[{"id":1623,"href":"https:\/\/www.easp.es\/web\/bimbela\/wp-json\/wp\/v2\/posts\/1618\/revisions\/1623"}],"wp:attachment":[{"href":"https:\/\/www.easp.es\/web\/bimbela\/wp-json\/wp\/v2\/media?parent=1618"}],"wp:term":[{"taxonomy":"category","embeddable":true,"href":"https:\/\/www.easp.es\/web\/bimbela\/wp-json\/wp\/v2\/categories?post=1618"},{"taxonomy":"post_tag","embeddable":true,"href":"https:\/\/www.easp.es\/web\/bimbela\/wp-json\/wp\/v2\/tags?post=1618"}],"curies":[{"name":"wp","href":"https:\/\/api.w.org\/{rel}","templated":true}]}}