{"id":1715,"date":"2021-11-22T07:26:42","date_gmt":"2021-11-22T07:26:42","guid":{"rendered":"https:\/\/www.easp.es\/web\/bimbela\/?p=1715"},"modified":"2021-11-22T13:49:44","modified_gmt":"2021-11-22T13:49:44","slug":"en-noviembre-suicidio-y-sentido-de-la-vida","status":"publish","type":"post","link":"https:\/\/www.easp.es\/web\/bimbela\/2021\/11\/en-noviembre-suicidio-y-sentido-de-la-vida\/","title":{"rendered":"EN NOVIEMBRE: SUICIDIO Y&#8230; SENTIDO DE LA VIDA"},"content":{"rendered":"<p>ESTE MES DE NOVIEMBRE HEMOS CONVERTIDO EN REALIDAD DOS <strong><span style=\"color: #0000ff\">SUE\u00d1OS:<\/span><\/strong><\/p>\n<ol>\n<li>LA <strong><span style=\"color: #0000ff\">II JORNADA SOBRE PREVENCI\u00d3N DEL SUICIDIO<\/span><\/strong>. <em><strong><span style=\"color: #ff0000\">NO EST\u00c1S SOLO. NO EST\u00c1S SOLA.<\/span><\/strong><\/em><\/li>\n<\/ol>\n<p>LA CELEBRAMOS EL PASADO VIERNES <strong>12 DE NOVIEMBRE<\/strong>. EN FORMATO VIRTUAL. Y CON M\u00c1S DE 2.500 ASISTENTES.<\/p>\n<p>AQU\u00cd TENEIS EL ENLACE PARA PODER DISFRUTARLA CON CALMA Y SOSIEGO:\u00a0<a href=\"https:\/\/www.easp.es\/project\/jornada-suicidio-2021\/\">https:\/\/www.easp.es\/project\/jornada-suicidio-2021\/<\/a><\/p>\n<p><img loading=\"lazy\" decoding=\"async\" class=\"aligncenter size-medium wp-image-1717\" src=\"https:\/\/www.easp.es\/web\/bimbela\/wp-content\/uploads\/sites\/3\/2021\/11\/Jornada-Suicidio-2021-Cartel-OK-212x300.png\" alt=\"\" width=\"212\" height=\"300\" srcset=\"https:\/\/www.easp.es\/web\/bimbela\/wp-content\/uploads\/sites\/3\/2021\/11\/Jornada-Suicidio-2021-Cartel-OK-212x300.png 212w, https:\/\/www.easp.es\/web\/bimbela\/wp-content\/uploads\/sites\/3\/2021\/11\/Jornada-Suicidio-2021-Cartel-OK-724x1024.png 724w, https:\/\/www.easp.es\/web\/bimbela\/wp-content\/uploads\/sites\/3\/2021\/11\/Jornada-Suicidio-2021-Cartel-OK-768x1086.png 768w, https:\/\/www.easp.es\/web\/bimbela\/wp-content\/uploads\/sites\/3\/2021\/11\/Jornada-Suicidio-2021-Cartel-OK-1086x1536.png 1086w, https:\/\/www.easp.es\/web\/bimbela\/wp-content\/uploads\/sites\/3\/2021\/11\/Jornada-Suicidio-2021-Cartel-OK-1448x2048.png 1448w, https:\/\/www.easp.es\/web\/bimbela\/wp-content\/uploads\/sites\/3\/2021\/11\/Jornada-Suicidio-2021-Cartel-OK-1200x1698.png 1200w, https:\/\/www.easp.es\/web\/bimbela\/wp-content\/uploads\/sites\/3\/2021\/11\/Jornada-Suicidio-2021-Cartel-OK.png 1587w\" sizes=\"auto, (max-width: 212px) 85vw, 212px\" \/><\/p>\n<p><img loading=\"lazy\" decoding=\"async\" class=\"aligncenter size-medium wp-image-1726\" src=\"https:\/\/www.easp.es\/web\/bimbela\/wp-content\/uploads\/sites\/3\/2021\/11\/IMG-20211112-WA0011-300x225.jpg\" alt=\"\" width=\"300\" height=\"225\" srcset=\"https:\/\/www.easp.es\/web\/bimbela\/wp-content\/uploads\/sites\/3\/2021\/11\/IMG-20211112-WA0011-300x225.jpg 300w, https:\/\/www.easp.es\/web\/bimbela\/wp-content\/uploads\/sites\/3\/2021\/11\/IMG-20211112-WA0011-1024x769.jpg 1024w, https:\/\/www.easp.es\/web\/bimbela\/wp-content\/uploads\/sites\/3\/2021\/11\/IMG-20211112-WA0011-768x576.jpg 768w, https:\/\/www.easp.es\/web\/bimbela\/wp-content\/uploads\/sites\/3\/2021\/11\/IMG-20211112-WA0011-1536x1153.jpg 1536w, https:\/\/www.easp.es\/web\/bimbela\/wp-content\/uploads\/sites\/3\/2021\/11\/IMG-20211112-WA0011-1200x901.jpg 1200w, https:\/\/www.easp.es\/web\/bimbela\/wp-content\/uploads\/sites\/3\/2021\/11\/IMG-20211112-WA0011.jpg 1600w\" sizes=\"auto, (max-width: 300px) 85vw, 300px\" \/><\/p>\n<p>2. <span style=\"color: #0000ff\"><strong>LA CONVERSACI\u00d3N EL EL PARQUE DE LAS CIENCIAS DE GRANADA CON LA DRA. MARIOLA BERNAL<\/strong><\/span> SOBRE \u00ab<em><span style=\"color: #ff0000\"><strong>EL SENTIDO DE LA VIDA<\/strong><\/span><\/em>\u00ab.<\/p>\n<p>LA CONSTRUIMOS EL PASADO S\u00c1BADO <strong>20 DE NOVIEMBRE<\/strong>. EN FORMATO MIXTO: PRESENCIAL + VIRTUAL.<\/p>\n<p>AQU\u00cd TENEIS EL ENLACE PARA PODER DISFRUTARLA CON PAZ Y ARMON\u00cdA:\u00a0<a href=\"https:\/\/www.youtube.com\/watch?v=VA77zcKsHic\">https:\/\/www.youtube.com\/watch?v=VA77zcKsHic<\/a><\/p>\n<p><img loading=\"lazy\" decoding=\"async\" class=\"aligncenter size-medium wp-image-1721\" src=\"https:\/\/www.easp.es\/web\/bimbela\/wp-content\/uploads\/sites\/3\/2021\/11\/Conversaciones-en-el-Parque-de-las-Ciencias-Mariola-Bernal-2021-300x169.jpg\" alt=\"\" width=\"300\" height=\"169\" srcset=\"https:\/\/www.easp.es\/web\/bimbela\/wp-content\/uploads\/sites\/3\/2021\/11\/Conversaciones-en-el-Parque-de-las-Ciencias-Mariola-Bernal-2021-300x169.jpg 300w, https:\/\/www.easp.es\/web\/bimbela\/wp-content\/uploads\/sites\/3\/2021\/11\/Conversaciones-en-el-Parque-de-las-Ciencias-Mariola-Bernal-2021-1024x576.jpg 1024w, https:\/\/www.easp.es\/web\/bimbela\/wp-content\/uploads\/sites\/3\/2021\/11\/Conversaciones-en-el-Parque-de-las-Ciencias-Mariola-Bernal-2021-768x432.jpg 768w, https:\/\/www.easp.es\/web\/bimbela\/wp-content\/uploads\/sites\/3\/2021\/11\/Conversaciones-en-el-Parque-de-las-Ciencias-Mariola-Bernal-2021-1536x864.jpg 1536w, https:\/\/www.easp.es\/web\/bimbela\/wp-content\/uploads\/sites\/3\/2021\/11\/Conversaciones-en-el-Parque-de-las-Ciencias-Mariola-Bernal-2021-1200x675.jpg 1200w, https:\/\/www.easp.es\/web\/bimbela\/wp-content\/uploads\/sites\/3\/2021\/11\/Conversaciones-en-el-Parque-de-las-Ciencias-Mariola-Bernal-2021.jpg 1600w\" sizes=\"auto, (max-width: 300px) 85vw, 300px\" \/><\/p>\n<p><img loading=\"lazy\" decoding=\"async\" class=\"aligncenter size-medium wp-image-1724\" src=\"https:\/\/www.easp.es\/web\/bimbela\/wp-content\/uploads\/sites\/3\/2021\/11\/20211120_SentidoVida_034-300x200.jpg\" alt=\"\" width=\"300\" height=\"200\" srcset=\"https:\/\/www.easp.es\/web\/bimbela\/wp-content\/uploads\/sites\/3\/2021\/11\/20211120_SentidoVida_034-300x200.jpg 300w, https:\/\/www.easp.es\/web\/bimbela\/wp-content\/uploads\/sites\/3\/2021\/11\/20211120_SentidoVida_034-1024x683.jpg 1024w, https:\/\/www.easp.es\/web\/bimbela\/wp-content\/uploads\/sites\/3\/2021\/11\/20211120_SentidoVida_034-768x512.jpg 768w, https:\/\/www.easp.es\/web\/bimbela\/wp-content\/uploads\/sites\/3\/2021\/11\/20211120_SentidoVida_034-1536x1024.jpg 1536w, https:\/\/www.easp.es\/web\/bimbela\/wp-content\/uploads\/sites\/3\/2021\/11\/20211120_SentidoVida_034-2048x1365.jpg 2048w, https:\/\/www.easp.es\/web\/bimbela\/wp-content\/uploads\/sites\/3\/2021\/11\/20211120_SentidoVida_034-1200x800.jpg 1200w\" sizes=\"auto, (max-width: 300px) 85vw, 300px\" \/><\/p>\n<p><strong>ABRAZO FUERTE, INTENSO Y PROFUNDO DESDE GRANADA<\/strong><\/p>\n<p>JOS\u00c9 LUIS BIMBELA PEDROLA<\/p>\n","protected":false},"excerpt":{"rendered":"<p>ESTE MES DE NOVIEMBRE HEMOS CONVERTIDO EN REALIDAD DOS SUE\u00d1OS: LA II JORNADA SOBRE PREVENCI\u00d3N DEL SUICIDIO. NO EST\u00c1S SOLO. NO EST\u00c1S SOLA. LA CELEBRAMOS EL PASADO VIERNES 12 DE NOVIEMBRE. EN FORMATO VIRTUAL. Y CON M\u00c1S DE 2.500 ASISTENTES. AQU\u00cd TENEIS EL ENLACE PARA PODER DISFRUTARLA CON CALMA Y SOSIEGO:\u00a0https:\/\/www.easp.es\/project\/jornada-suicidio-2021\/ 2. LA CONVERSACI\u00d3N EL &hellip; <a href=\"https:\/\/www.easp.es\/web\/bimbela\/2021\/11\/en-noviembre-suicidio-y-sentido-de-la-vida\/\" class=\"more-link\">Continuar leyendo<span class=\"screen-reader-text\"> \u00abEN NOVIEMBRE: SUICIDIO Y&#8230; SENTIDO DE LA VIDA\u00bb<\/span><\/a><\/p>\n","protected":false},"author":2,"featured_media":0,"comment_status":"open","ping_status":"open","sticky":false,"template":"","format":"standard","meta":{"footnotes":""},"categories":[3],"tags":[],"class_list":["post-1715","post","type-post","status-publish","format-standard","hentry","category-general"],"_links":{"self":[{"href":"https:\/\/www.easp.es\/web\/bimbela\/wp-json\/wp\/v2\/posts\/1715","targetHints":{"allow":["GET"]}}],"collection":[{"href":"https:\/\/www.easp.es\/web\/bimbela\/wp-json\/wp\/v2\/posts"}],"about":[{"href":"https:\/\/www.easp.es\/web\/bimbela\/wp-json\/wp\/v2\/types\/post"}],"author":[{"embeddable":true,"href":"https:\/\/www.easp.es\/web\/bimbela\/wp-json\/wp\/v2\/users\/2"}],"replies":[{"embeddable":true,"href":"https:\/\/www.easp.es\/web\/bimbela\/wp-json\/wp\/v2\/comments?post=1715"}],"version-history":[{"count":6,"href":"https:\/\/www.easp.es\/web\/bimbela\/wp-json\/wp\/v2\/posts\/1715\/revisions"}],"predecessor-version":[{"id":1727,"href":"https:\/\/www.easp.es\/web\/bimbela\/wp-json\/wp\/v2\/posts\/1715\/revisions\/1727"}],"wp:attachment":[{"href":"https:\/\/www.easp.es\/web\/bimbela\/wp-json\/wp\/v2\/media?parent=1715"}],"wp:term":[{"taxonomy":"category","embeddable":true,"href":"https:\/\/www.easp.es\/web\/bimbela\/wp-json\/wp\/v2\/categories?post=1715"},{"taxonomy":"post_tag","embeddable":true,"href":"https:\/\/www.easp.es\/web\/bimbela\/wp-json\/wp\/v2\/tags?post=1715"}],"curies":[{"name":"wp","href":"https:\/\/api.w.org\/{rel}","templated":true}]}}