{"id":1729,"date":"2021-11-29T06:51:57","date_gmt":"2021-11-29T06:51:57","guid":{"rendered":"https:\/\/www.easp.es\/web\/bimbela\/?p=1729"},"modified":"2021-11-29T06:57:38","modified_gmt":"2021-11-29T06:57:38","slug":"2-fantasticos-congresos","status":"publish","type":"post","link":"https:\/\/www.easp.es\/web\/bimbela\/2021\/11\/2-fantasticos-congresos\/","title":{"rendered":"2 FANT\u00c1STICOS CONGRESOS"},"content":{"rendered":"<p><strong>\u00a1\u00a1 QU\u00c9 <span style=\"color: #0000ff\">HONOR<\/span> Y QU\u00c9 <span style=\"color: #0000ff\">ALEGR\u00cdA<\/span> PRONUNCIAR LAS CONFERENCIAS INAUGURALES EN 2 IMPORTANTES CONGRESOS QUE ACABAN DE <span style=\"color: #0000ff\">CELEBRARSE<\/span> EN GRANADA !!<\/strong><\/p>\n<ol>\n<li><span style=\"color: #ff0000\"><strong>CONGRESO DE LA SEEO (SOCIEDAD ESPA\u00d1OLA DE ENFERMER\u00cdA ONCOL\u00d3GICA). GRANADA, 24 DE NOVIEMBRE.<\/strong><\/span><\/li>\n<\/ol>\n<p><strong><span style=\"color: #0000ff\">\u00ab<em>AUTOCUIDADO DEL PROFESIONAL. DE LA \u00c9TICA A LA ESTRATEGIA, PASANDO POR LA EMOCI\u00d3N<\/em>\u00ab<\/span><\/strong><\/p>\n<p><strong>GRACIAS, ROSARIO.\u00a0<\/strong><\/p>\n<p><img loading=\"lazy\" decoding=\"async\" class=\"aligncenter size-medium wp-image-1730\" src=\"https:\/\/www.easp.es\/web\/bimbela\/wp-content\/uploads\/sites\/3\/2021\/11\/IMG-20211124-WA0023-300x146.jpg\" alt=\"\" width=\"300\" height=\"146\" srcset=\"https:\/\/www.easp.es\/web\/bimbela\/wp-content\/uploads\/sites\/3\/2021\/11\/IMG-20211124-WA0023-300x146.jpg 300w, https:\/\/www.easp.es\/web\/bimbela\/wp-content\/uploads\/sites\/3\/2021\/11\/IMG-20211124-WA0023-1024x497.jpg 1024w, https:\/\/www.easp.es\/web\/bimbela\/wp-content\/uploads\/sites\/3\/2021\/11\/IMG-20211124-WA0023-768x373.jpg 768w, https:\/\/www.easp.es\/web\/bimbela\/wp-content\/uploads\/sites\/3\/2021\/11\/IMG-20211124-WA0023-1536x746.jpg 1536w, https:\/\/www.easp.es\/web\/bimbela\/wp-content\/uploads\/sites\/3\/2021\/11\/IMG-20211124-WA0023-1200x583.jpg 1200w, https:\/\/www.easp.es\/web\/bimbela\/wp-content\/uploads\/sites\/3\/2021\/11\/IMG-20211124-WA0023.jpg 1600w\" sizes=\"auto, (max-width: 300px) 85vw, 300px\" \/><\/p>\n<p>&nbsp;<\/p>\n<p><span style=\"color: #ff0000\"><strong>2. CONGRESO DE SEMERGEN Andaluc\u00eda (SOCIEDAD ESPA\u00d1OLA DE M\u00c9DICOS DE ATENCI\u00d3N PRIMARIA). GRANADA, 25 DE NOVIEMBRE.<\/strong><\/span><\/p>\n<p><strong><span style=\"color: #0000ff\"><em>\u00abAUTOCUIDADO DEL PROFESIONAL. YO DECIDO: OLA DE ILUSI\u00d3N\u00bb<\/em><\/span><\/strong><\/p>\n<p><strong>GRACIAS, ANA.<\/strong><\/p>\n<p><img loading=\"lazy\" decoding=\"async\" class=\"aligncenter size-medium wp-image-1732\" src=\"https:\/\/www.easp.es\/web\/bimbela\/wp-content\/uploads\/sites\/3\/2021\/11\/IMG-20211126-WA0005-300x225.jpg\" alt=\"\" width=\"300\" height=\"225\" srcset=\"https:\/\/www.easp.es\/web\/bimbela\/wp-content\/uploads\/sites\/3\/2021\/11\/IMG-20211126-WA0005-300x225.jpg 300w, https:\/\/www.easp.es\/web\/bimbela\/wp-content\/uploads\/sites\/3\/2021\/11\/IMG-20211126-WA0005-1024x768.jpg 1024w, https:\/\/www.easp.es\/web\/bimbela\/wp-content\/uploads\/sites\/3\/2021\/11\/IMG-20211126-WA0005-768x576.jpg 768w, https:\/\/www.easp.es\/web\/bimbela\/wp-content\/uploads\/sites\/3\/2021\/11\/IMG-20211126-WA0005-1536x1152.jpg 1536w, https:\/\/www.easp.es\/web\/bimbela\/wp-content\/uploads\/sites\/3\/2021\/11\/IMG-20211126-WA0005-1200x900.jpg 1200w, https:\/\/www.easp.es\/web\/bimbela\/wp-content\/uploads\/sites\/3\/2021\/11\/IMG-20211126-WA0005.jpg 1600w\" sizes=\"auto, (max-width: 300px) 85vw, 300px\" \/><\/p>\n<p>&nbsp;<\/p>\n<p>Y EN AMBOS CASOS&#8230;<\/p>\n<p><strong>AUTOCUIDADOS F\u00cdSICOS Y EMOCIONALES.<\/strong><\/p>\n<p><strong>AUTOCUIDADOS \u00c9TICOS Y ESPIRITUALES.\u00a0<\/strong><\/p>\n<p><strong>AUTOCUIDADOS PR\u00c1CTICOS Y CONCRETOS.<\/strong><\/p>\n<p><strong>REFLEXI\u00d3N PARA LA ACCI\u00d3N.<\/strong><\/p>\n<p><span style=\"color: #ff0000\"><strong>CON UN ABRAZO ENORME Y AGRADECIDO\u00a0<\/strong><\/span><\/p>\n<p>JOS\u00c9 LUIS BIMBELA PEDROLA<\/p>\n<p>&nbsp;<\/p>\n","protected":false},"excerpt":{"rendered":"<p>\u00a1\u00a1 QU\u00c9 HONOR Y QU\u00c9 ALEGR\u00cdA PRONUNCIAR LAS CONFERENCIAS INAUGURALES EN 2 IMPORTANTES CONGRESOS QUE ACABAN DE CELEBRARSE EN GRANADA !! CONGRESO DE LA SEEO (SOCIEDAD ESPA\u00d1OLA DE ENFERMER\u00cdA ONCOL\u00d3GICA). GRANADA, 24 DE NOVIEMBRE. \u00abAUTOCUIDADO DEL PROFESIONAL. DE LA \u00c9TICA A LA ESTRATEGIA, PASANDO POR LA EMOCI\u00d3N\u00ab GRACIAS, ROSARIO.\u00a0 &nbsp; 2. CONGRESO DE SEMERGEN Andaluc\u00eda &hellip; <a href=\"https:\/\/www.easp.es\/web\/bimbela\/2021\/11\/2-fantasticos-congresos\/\" class=\"more-link\">Continuar leyendo<span class=\"screen-reader-text\"> \u00ab2 FANT\u00c1STICOS CONGRESOS\u00bb<\/span><\/a><\/p>\n","protected":false},"author":2,"featured_media":0,"comment_status":"open","ping_status":"open","sticky":false,"template":"","format":"standard","meta":{"footnotes":""},"categories":[3],"tags":[],"class_list":["post-1729","post","type-post","status-publish","format-standard","hentry","category-general"],"_links":{"self":[{"href":"https:\/\/www.easp.es\/web\/bimbela\/wp-json\/wp\/v2\/posts\/1729","targetHints":{"allow":["GET"]}}],"collection":[{"href":"https:\/\/www.easp.es\/web\/bimbela\/wp-json\/wp\/v2\/posts"}],"about":[{"href":"https:\/\/www.easp.es\/web\/bimbela\/wp-json\/wp\/v2\/types\/post"}],"author":[{"embeddable":true,"href":"https:\/\/www.easp.es\/web\/bimbela\/wp-json\/wp\/v2\/users\/2"}],"replies":[{"embeddable":true,"href":"https:\/\/www.easp.es\/web\/bimbela\/wp-json\/wp\/v2\/comments?post=1729"}],"version-history":[{"count":4,"href":"https:\/\/www.easp.es\/web\/bimbela\/wp-json\/wp\/v2\/posts\/1729\/revisions"}],"predecessor-version":[{"id":1736,"href":"https:\/\/www.easp.es\/web\/bimbela\/wp-json\/wp\/v2\/posts\/1729\/revisions\/1736"}],"wp:attachment":[{"href":"https:\/\/www.easp.es\/web\/bimbela\/wp-json\/wp\/v2\/media?parent=1729"}],"wp:term":[{"taxonomy":"category","embeddable":true,"href":"https:\/\/www.easp.es\/web\/bimbela\/wp-json\/wp\/v2\/categories?post=1729"},{"taxonomy":"post_tag","embeddable":true,"href":"https:\/\/www.easp.es\/web\/bimbela\/wp-json\/wp\/v2\/tags?post=1729"}],"curies":[{"name":"wp","href":"https:\/\/api.w.org\/{rel}","templated":true}]}}