{"id":1740,"date":"2021-12-06T09:06:40","date_gmt":"2021-12-06T09:06:40","guid":{"rendered":"https:\/\/www.easp.es\/web\/bimbela\/?p=1740"},"modified":"2021-12-06T13:28:34","modified_gmt":"2021-12-06T13:28:34","slug":"humanizando-en-el-hospital-universitario-virgen-de-las-nieves","status":"publish","type":"post","link":"https:\/\/www.easp.es\/web\/bimbela\/2021\/12\/humanizando-en-el-hospital-universitario-virgen-de-las-nieves\/","title":{"rendered":"HUMANIZANDO&#8230; EN EL HOSPITAL UNIVERSITARIO VIRGEN DE LAS NIEVES"},"content":{"rendered":"<p>\u00a1Qu\u00e9 enorme satisfacci\u00f3n impartir, el pasado 3 de diciembre, la conferencia inaugural en el acto de presentaci\u00f3n de la <span style=\"color: #0000ff\"><strong>COMISI\u00d3N DE HUMANIZACI\u00d3N DEL HOSPITAL UNIVERSITARIO VIRGEN DE LA NIEVES DE GRANADA<\/strong><\/span><span style=\"color: #000000\">!<\/span><\/p>\n<p>La conferencia se titul\u00f3: \u00ab<span style=\"color: #0000ff\"><strong><em>Cuidando a los profesionales. Cuid\u00e1ndonos<\/em><\/strong><\/span>\u00ab, y en ella enfatic\u00e9 la relevancia del cuidado (y del autocuidado) en las cinco dimensiones fundamentales de la salud de los profesionales sanitarios: f\u00edsica, emocional, social, espiritual y \u00e9tica.<\/p>\n<p>Gracias, Yolanda.<\/p>\n<p><img loading=\"lazy\" decoding=\"async\" class=\"aligncenter size-medium wp-image-1741\" src=\"https:\/\/www.easp.es\/web\/bimbela\/wp-content\/uploads\/sites\/3\/2021\/12\/FB_IMG_1638742470540-300x169.jpg\" alt=\"\" width=\"300\" height=\"169\" srcset=\"https:\/\/www.easp.es\/web\/bimbela\/wp-content\/uploads\/sites\/3\/2021\/12\/FB_IMG_1638742470540-300x169.jpg 300w, https:\/\/www.easp.es\/web\/bimbela\/wp-content\/uploads\/sites\/3\/2021\/12\/FB_IMG_1638742470540.jpg 720w\" sizes=\"auto, (max-width: 300px) 85vw, 300px\" \/><\/p>\n<p>Con mi entusiasta reconocimiento a la grandeza de los profesionales sanitarios.<\/p>\n<p>Jos\u00e9 Luis Bimbela Pedrola<\/p>\n<p>&nbsp;<\/p>\n","protected":false},"excerpt":{"rendered":"<p>\u00a1Qu\u00e9 enorme satisfacci\u00f3n impartir, el pasado 3 de diciembre, la conferencia inaugural en el acto de presentaci\u00f3n de la COMISI\u00d3N DE HUMANIZACI\u00d3N DEL HOSPITAL UNIVERSITARIO VIRGEN DE LA NIEVES DE GRANADA! La conferencia se titul\u00f3: \u00abCuidando a los profesionales. Cuid\u00e1ndonos\u00ab, y en ella enfatic\u00e9 la relevancia del cuidado (y del autocuidado) en las cinco dimensiones &hellip; <a href=\"https:\/\/www.easp.es\/web\/bimbela\/2021\/12\/humanizando-en-el-hospital-universitario-virgen-de-las-nieves\/\" class=\"more-link\">Continuar leyendo<span class=\"screen-reader-text\"> \u00abHUMANIZANDO&#8230; EN EL HOSPITAL UNIVERSITARIO VIRGEN DE LAS NIEVES\u00bb<\/span><\/a><\/p>\n","protected":false},"author":2,"featured_media":0,"comment_status":"open","ping_status":"open","sticky":false,"template":"","format":"standard","meta":{"footnotes":""},"categories":[3],"tags":[],"class_list":["post-1740","post","type-post","status-publish","format-standard","hentry","category-general"],"_links":{"self":[{"href":"https:\/\/www.easp.es\/web\/bimbela\/wp-json\/wp\/v2\/posts\/1740","targetHints":{"allow":["GET"]}}],"collection":[{"href":"https:\/\/www.easp.es\/web\/bimbela\/wp-json\/wp\/v2\/posts"}],"about":[{"href":"https:\/\/www.easp.es\/web\/bimbela\/wp-json\/wp\/v2\/types\/post"}],"author":[{"embeddable":true,"href":"https:\/\/www.easp.es\/web\/bimbela\/wp-json\/wp\/v2\/users\/2"}],"replies":[{"embeddable":true,"href":"https:\/\/www.easp.es\/web\/bimbela\/wp-json\/wp\/v2\/comments?post=1740"}],"version-history":[{"count":4,"href":"https:\/\/www.easp.es\/web\/bimbela\/wp-json\/wp\/v2\/posts\/1740\/revisions"}],"predecessor-version":[{"id":1745,"href":"https:\/\/www.easp.es\/web\/bimbela\/wp-json\/wp\/v2\/posts\/1740\/revisions\/1745"}],"wp:attachment":[{"href":"https:\/\/www.easp.es\/web\/bimbela\/wp-json\/wp\/v2\/media?parent=1740"}],"wp:term":[{"taxonomy":"category","embeddable":true,"href":"https:\/\/www.easp.es\/web\/bimbela\/wp-json\/wp\/v2\/categories?post=1740"},{"taxonomy":"post_tag","embeddable":true,"href":"https:\/\/www.easp.es\/web\/bimbela\/wp-json\/wp\/v2\/tags?post=1740"}],"curies":[{"name":"wp","href":"https:\/\/api.w.org\/{rel}","templated":true}]}}