{"id":1759,"date":"2022-01-31T06:29:31","date_gmt":"2022-01-31T06:29:31","guid":{"rendered":"https:\/\/www.easp.es\/web\/bimbela\/?p=1759"},"modified":"2022-01-31T06:34:05","modified_gmt":"2022-01-31T06:34:05","slug":"jornada-sobre-depresion-y-vih","status":"publish","type":"post","link":"https:\/\/www.easp.es\/web\/bimbela\/2022\/01\/jornada-sobre-depresion-y-vih\/","title":{"rendered":"JORNADA SOBRE DEPRESI\u00d3N Y VIH."},"content":{"rendered":"<p>ES UN VERDADERO PLACER ANUNCIAR LA PR\u00d3XIMA JORNADA QUE CELEBRAREMOS EN LA <span style=\"color: #008000\"><strong>ESCUELA ANDALUZA DE SALUD P\u00daBLICA<\/strong>:<\/span><\/p>\n<p><span style=\"color: #ff0000\"><strong>DEPRESI\u00d3N Y VIH. Yo conmigo, yo contigo, nosotros y nosotras.<\/strong><\/span><\/p>\n<p><span style=\"color: #ff0000\"><strong>24 de Febrero de 2022.<\/strong><\/span><\/p>\n<p><strong><span style=\"color: #ff0000\">VIRTUAL Y GRATUITA.<\/span><\/strong><\/p>\n<p><strong>PROGRAMA E INSCRIPCI\u00d3N (GRATUITA) EN:\u00a0<\/strong> <strong><a href=\"https:\/\/www.easp.es\/project\/jornada-depresion-y-vih\/#cd\">https:\/\/www.easp.es\/project\/jornada-depresion-y-vih\/#cd<\/a><\/strong><\/p>\n<p><span style=\"color: #ff0000\"><strong><img loading=\"lazy\" decoding=\"async\" class=\"alignleft size-medium wp-image-1760\" src=\"https:\/\/www.easp.es\/web\/bimbela\/wp-content\/uploads\/sites\/3\/2022\/01\/PORTADA-PARA-BLOG-212x300.jpg\" alt=\"\" width=\"212\" height=\"300\" srcset=\"https:\/\/www.easp.es\/web\/bimbela\/wp-content\/uploads\/sites\/3\/2022\/01\/PORTADA-PARA-BLOG-212x300.jpg 212w, https:\/\/www.easp.es\/web\/bimbela\/wp-content\/uploads\/sites\/3\/2022\/01\/PORTADA-PARA-BLOG.jpg 724w\" sizes=\"auto, (max-width: 212px) 85vw, 212px\" \/><\/strong><\/span><\/p>\n<p>&nbsp;<\/p>\n<p>&nbsp;<\/p>\n<p><span style=\"color: #ff0000\"><strong>ABRAZOS C\u00c1LIDOS DESDE GRANADA<\/strong><\/span><\/p>\n<p>Jos\u00e9 Luis Bimbela Pedrola<\/p>\n<p>&nbsp;<\/p>\n","protected":false},"excerpt":{"rendered":"<p>ES UN VERDADERO PLACER ANUNCIAR LA PR\u00d3XIMA JORNADA QUE CELEBRAREMOS EN LA ESCUELA ANDALUZA DE SALUD P\u00daBLICA: DEPRESI\u00d3N Y VIH. Yo conmigo, yo contigo, nosotros y nosotras. 24 de Febrero de 2022. VIRTUAL Y GRATUITA. PROGRAMA E INSCRIPCI\u00d3N (GRATUITA) EN:\u00a0 https:\/\/www.easp.es\/project\/jornada-depresion-y-vih\/#cd &nbsp; &nbsp; ABRAZOS C\u00c1LIDOS DESDE GRANADA Jos\u00e9 Luis Bimbela Pedrola &nbsp;<\/p>\n","protected":false},"author":2,"featured_media":0,"comment_status":"open","ping_status":"open","sticky":false,"template":"","format":"standard","meta":{"footnotes":""},"categories":[3],"tags":[],"class_list":["post-1759","post","type-post","status-publish","format-standard","hentry","category-general"],"_links":{"self":[{"href":"https:\/\/www.easp.es\/web\/bimbela\/wp-json\/wp\/v2\/posts\/1759","targetHints":{"allow":["GET"]}}],"collection":[{"href":"https:\/\/www.easp.es\/web\/bimbela\/wp-json\/wp\/v2\/posts"}],"about":[{"href":"https:\/\/www.easp.es\/web\/bimbela\/wp-json\/wp\/v2\/types\/post"}],"author":[{"embeddable":true,"href":"https:\/\/www.easp.es\/web\/bimbela\/wp-json\/wp\/v2\/users\/2"}],"replies":[{"embeddable":true,"href":"https:\/\/www.easp.es\/web\/bimbela\/wp-json\/wp\/v2\/comments?post=1759"}],"version-history":[{"count":5,"href":"https:\/\/www.easp.es\/web\/bimbela\/wp-json\/wp\/v2\/posts\/1759\/revisions"}],"predecessor-version":[{"id":1765,"href":"https:\/\/www.easp.es\/web\/bimbela\/wp-json\/wp\/v2\/posts\/1759\/revisions\/1765"}],"wp:attachment":[{"href":"https:\/\/www.easp.es\/web\/bimbela\/wp-json\/wp\/v2\/media?parent=1759"}],"wp:term":[{"taxonomy":"category","embeddable":true,"href":"https:\/\/www.easp.es\/web\/bimbela\/wp-json\/wp\/v2\/categories?post=1759"},{"taxonomy":"post_tag","embeddable":true,"href":"https:\/\/www.easp.es\/web\/bimbela\/wp-json\/wp\/v2\/tags?post=1759"}],"curies":[{"name":"wp","href":"https:\/\/api.w.org\/{rel}","templated":true}]}}