{"id":1783,"date":"2022-04-06T07:21:41","date_gmt":"2022-04-06T07:21:41","guid":{"rendered":"https:\/\/www.easp.es\/web\/bimbela\/?p=1783"},"modified":"2022-04-06T07:21:41","modified_gmt":"2022-04-06T07:21:41","slug":"dia-mundial-de-la-salud-2022","status":"publish","type":"post","link":"https:\/\/www.easp.es\/web\/bimbela\/2022\/04\/dia-mundial-de-la-salud-2022\/","title":{"rendered":"D\u00cdA MUNDIAL DE LA SALUD 2022"},"content":{"rendered":"<h2><strong>Ma\u00f1ana, <\/strong><span style=\"color: #0000ff\">Jueves 7 de abril <\/span><strong>de 2022, celebramos el <\/strong><span style=\"color: #0000ff\">D\u00eda Mundial de la Salud<\/span><strong>.<\/strong><\/h2>\n<h2><strong>Mi granito de arena: Recordar la nueva definici\u00f3n que, desde la Salud P\u00fablica, regalamos al mundo el pasado a\u00f1o:<\/strong><\/h2>\n<h2 style=\"text-align: center\"><strong>\u201c<i>La <\/i><\/strong><span style=\"color: #0000ff\"><i>salud<\/i><\/span><strong><i> es la\u00a0<\/i><\/strong><span style=\"color: #0000ff\"><i>h<\/i><\/span><i><span style=\"color: #0000ff\">abilidad <\/span><\/i><strong><i>de las personas y las comunidades para <\/i><\/strong><span style=\"color: #ff0000\"><i>adaptarse y manejar<\/i><\/span><strong><i> los <\/i><\/strong><span style=\"color: #ff0000\"><i>desaf\u00edos\u00a0<\/i><\/span><span style=\"color: #0000ff\"><i>f\u00edsicos, emocionales, sociales, espirituales y \u00a0\u00e9ticos <\/i><\/span><strong><i>que se presentan en la vida<\/i>\u201d <\/strong><\/h2>\n<h2 style=\"text-align: center\"><strong>(Jadad, A; Bimbela, JL. 2021)<\/strong><\/h2>\n<p><strong>Informaci\u00f3n m\u00e1s detallada en: <a href=\"https:\/\/www.easp.es\/web\/bimbela\/wp-content\/uploads\/sites\/3\/2022\/04\/Articulo-Bimbela-Autocuidado-etico-y-emocional.-Educacion-Medica-2022.pdf\">Art\u00edculo Bimbela Autocuidado \u00e9tico y emocional. Educaci\u00f3n M\u00e9dica 2022<\/a><\/strong><\/p>\n<p>Con un <strong>ABRAZO ENORME<\/strong> desde Granada, lleno de <strong><span style=\"color: #0000ff\">CONFIANZA<\/span><\/strong>, <span style=\"color: #ff0000\"><strong>ENTUSIASMO<\/strong> <\/span>Y <span style=\"color: #008000\"><strong>AMOR<\/strong><\/span> \u00a1\u00a1\u00a1<\/p>\n<p>Jos\u00e9 Luis Bimbela Pedrola<\/p>\n","protected":false},"excerpt":{"rendered":"<p>Ma\u00f1ana, Jueves 7 de abril de 2022, celebramos el D\u00eda Mundial de la Salud. Mi granito de arena: Recordar la nueva definici\u00f3n que, desde la Salud P\u00fablica, regalamos al mundo el pasado a\u00f1o: \u201cLa salud es la\u00a0habilidad de las personas y las comunidades para adaptarse y manejar los desaf\u00edos\u00a0f\u00edsicos, emocionales, sociales, espirituales y \u00a0\u00e9ticos que &hellip; <a href=\"https:\/\/www.easp.es\/web\/bimbela\/2022\/04\/dia-mundial-de-la-salud-2022\/\" class=\"more-link\">Continuar leyendo<span class=\"screen-reader-text\"> \u00abD\u00cdA MUNDIAL DE LA SALUD 2022\u00bb<\/span><\/a><\/p>\n","protected":false},"author":2,"featured_media":0,"comment_status":"open","ping_status":"open","sticky":false,"template":"","format":"standard","meta":{"footnotes":""},"categories":[3],"tags":[],"class_list":["post-1783","post","type-post","status-publish","format-standard","hentry","category-general"],"_links":{"self":[{"href":"https:\/\/www.easp.es\/web\/bimbela\/wp-json\/wp\/v2\/posts\/1783","targetHints":{"allow":["GET"]}}],"collection":[{"href":"https:\/\/www.easp.es\/web\/bimbela\/wp-json\/wp\/v2\/posts"}],"about":[{"href":"https:\/\/www.easp.es\/web\/bimbela\/wp-json\/wp\/v2\/types\/post"}],"author":[{"embeddable":true,"href":"https:\/\/www.easp.es\/web\/bimbela\/wp-json\/wp\/v2\/users\/2"}],"replies":[{"embeddable":true,"href":"https:\/\/www.easp.es\/web\/bimbela\/wp-json\/wp\/v2\/comments?post=1783"}],"version-history":[{"count":1,"href":"https:\/\/www.easp.es\/web\/bimbela\/wp-json\/wp\/v2\/posts\/1783\/revisions"}],"predecessor-version":[{"id":1785,"href":"https:\/\/www.easp.es\/web\/bimbela\/wp-json\/wp\/v2\/posts\/1783\/revisions\/1785"}],"wp:attachment":[{"href":"https:\/\/www.easp.es\/web\/bimbela\/wp-json\/wp\/v2\/media?parent=1783"}],"wp:term":[{"taxonomy":"category","embeddable":true,"href":"https:\/\/www.easp.es\/web\/bimbela\/wp-json\/wp\/v2\/categories?post=1783"},{"taxonomy":"post_tag","embeddable":true,"href":"https:\/\/www.easp.es\/web\/bimbela\/wp-json\/wp\/v2\/tags?post=1783"}],"curies":[{"name":"wp","href":"https:\/\/api.w.org\/{rel}","templated":true}]}}