{"id":1788,"date":"2022-04-22T06:24:22","date_gmt":"2022-04-22T06:24:22","guid":{"rendered":"https:\/\/www.easp.es\/web\/bimbela\/?p=1788"},"modified":"2022-04-22T06:34:36","modified_gmt":"2022-04-22T06:34:36","slug":"viva-la-lectura-viva-la-escritura","status":"publish","type":"post","link":"https:\/\/www.easp.es\/web\/bimbela\/2022\/04\/viva-la-lectura-viva-la-escritura\/","title":{"rendered":"\u00a1\u00a1 VIVA LA LECTURA !!   \u00a1\u00a1 VIVA LA ESCRITURA !!"},"content":{"rendered":"<p><span style=\"color: #008000\"><strong>\u00a1\u00a1 FELIZ D\u00cdA DEL LIBRO 2022 !!<\/strong><\/span><\/p>\n<p>El 11 de noviembre de 2019, la Oficina Regional para Europa de la <strong>Organizaci\u00f3n Mundial de la Salud (OMS)<\/strong> public\u00f3 un informe en el que, tras analizar 900 publicaciones cient\u00edficas, conclu\u00eda (confirmando lo que ya muchos intu\u00edamos y practic\u00e1bamos):<\/p>\n<p><span style=\"color: #ff0000\"><strong><i>\u00abInvolucrarse en el arte, ya sea de forma <\/i><i>m\u00e1s activa\u00a0<\/i><i>(bailar, cantar, escribir, pintar\u2026)\u00a0<\/i><i>o\u00a0 ya sea de forma <\/i><i>m\u00e1s pasiva\u00a0<\/i><i>(ir a museos o a conciertos, leer, escuchar m\u00fasica\u2026)\u00a0<\/i><i>ofrece una <\/i><i>dimensi\u00f3n<\/i><i> a\u00f1adida a c\u00f3mo podemos mejorar nuestra\u00a0<\/i><i>salud f\u00edsica y mental<\/i><i>\u00ab<\/i><i>\u00a0<\/i><\/strong><\/span><\/p>\n<p><strong>El arte sana. A quien lo produce. Y, a veces, tambi\u00e9n a quien lo recibe.<\/strong><\/p>\n<p><span style=\"color: #008000\"><strong>\u00a1\u00a1 FELIZ D\u00cdA DEL LIBRO 2022 !!<\/strong><\/span><\/p>\n<p>Con mi m\u00e1s sentido homenaje a los <span style=\"color: #0000ff\"><strong>libreros<\/strong><\/span> y a las <span style=\"color: #0000ff\"><strong>libreras<\/strong><\/span> de este pa\u00eds, que tanto aman su trabajo y que tanto me ense\u00f1an cada d\u00eda (<span style=\"color: #0000ff\"><strong>Manolo y Rafa en BABEL; Paula y Guillem en INUSUAL; Antonio en SOSTIENE PEREIRA<\/strong><\/span>).\u00a0 \u00a0 \u00a0 \u00a0 <span style=\"color: #0000ff\"><strong>\u00a1\u00a1\u00a1 GRACIAS, GRACIAS, GRACIAS !!!<\/strong><\/span><\/p>\n<p>Y hablando del arte, y de la mano de <strong>Fernando Pessoa<\/strong> que afirm\u00f3, valiente: <span style=\"color: #ff0000\"><em><strong>\u00abExisten las artes porque con la vida no es suficiente\u00bb&#8230; <\/strong><\/em><\/span> <a href=\"https:\/\/www.easp.es\/web\/bimbela\/wp-content\/uploads\/sites\/3\/2022\/04\/Editorial-Arte-JL-Bimbela.pdf\">Editorial Arte &#8211; JL Bimbela<\/a><\/p>\n<p>Muy feliz d\u00eda del libro, ma\u00f1ana 23 de abril de 2022<\/p>\n<p>Jos\u00e9 Luis Bimbela Pedrola<\/p>\n<p>&nbsp;<\/p>\n<p>&nbsp;<\/p>\n<p>&nbsp;<\/p>\n","protected":false},"excerpt":{"rendered":"<p>\u00a1\u00a1 FELIZ D\u00cdA DEL LIBRO 2022 !! El 11 de noviembre de 2019, la Oficina Regional para Europa de la Organizaci\u00f3n Mundial de la Salud (OMS) public\u00f3 un informe en el que, tras analizar 900 publicaciones cient\u00edficas, conclu\u00eda (confirmando lo que ya muchos intu\u00edamos y practic\u00e1bamos): \u00abInvolucrarse en el arte, ya sea de forma m\u00e1s &hellip; <a href=\"https:\/\/www.easp.es\/web\/bimbela\/2022\/04\/viva-la-lectura-viva-la-escritura\/\" class=\"more-link\">Continuar leyendo<span class=\"screen-reader-text\"> \u00ab\u00a1\u00a1 VIVA LA LECTURA !!   \u00a1\u00a1 VIVA LA ESCRITURA !!\u00bb<\/span><\/a><\/p>\n","protected":false},"author":2,"featured_media":0,"comment_status":"open","ping_status":"open","sticky":false,"template":"","format":"standard","meta":{"footnotes":""},"categories":[3],"tags":[],"class_list":["post-1788","post","type-post","status-publish","format-standard","hentry","category-general"],"_links":{"self":[{"href":"https:\/\/www.easp.es\/web\/bimbela\/wp-json\/wp\/v2\/posts\/1788","targetHints":{"allow":["GET"]}}],"collection":[{"href":"https:\/\/www.easp.es\/web\/bimbela\/wp-json\/wp\/v2\/posts"}],"about":[{"href":"https:\/\/www.easp.es\/web\/bimbela\/wp-json\/wp\/v2\/types\/post"}],"author":[{"embeddable":true,"href":"https:\/\/www.easp.es\/web\/bimbela\/wp-json\/wp\/v2\/users\/2"}],"replies":[{"embeddable":true,"href":"https:\/\/www.easp.es\/web\/bimbela\/wp-json\/wp\/v2\/comments?post=1788"}],"version-history":[{"count":3,"href":"https:\/\/www.easp.es\/web\/bimbela\/wp-json\/wp\/v2\/posts\/1788\/revisions"}],"predecessor-version":[{"id":1794,"href":"https:\/\/www.easp.es\/web\/bimbela\/wp-json\/wp\/v2\/posts\/1788\/revisions\/1794"}],"wp:attachment":[{"href":"https:\/\/www.easp.es\/web\/bimbela\/wp-json\/wp\/v2\/media?parent=1788"}],"wp:term":[{"taxonomy":"category","embeddable":true,"href":"https:\/\/www.easp.es\/web\/bimbela\/wp-json\/wp\/v2\/categories?post=1788"},{"taxonomy":"post_tag","embeddable":true,"href":"https:\/\/www.easp.es\/web\/bimbela\/wp-json\/wp\/v2\/tags?post=1788"}],"curies":[{"name":"wp","href":"https:\/\/api.w.org\/{rel}","templated":true}]}}