{"id":1832,"date":"2022-07-24T06:54:05","date_gmt":"2022-07-24T06:54:05","guid":{"rendered":"https:\/\/www.easp.es\/web\/bimbela\/?p=1832"},"modified":"2022-07-24T07:00:45","modified_gmt":"2022-07-24T07:00:45","slug":"y-el-7-de-septiembre-nos-vemos-en-gerona","status":"publish","type":"post","link":"https:\/\/www.easp.es\/web\/bimbela\/2022\/07\/y-el-7-de-septiembre-nos-vemos-en-gerona\/","title":{"rendered":"Y EL 7 DE SEPTIEMBRE NOS VEMOS EN GERONA&#8230;"},"content":{"rendered":"<p>El Instituto de Investigaci\u00f3n sobre Calidad de Vida de la Universidad de Girona (UdG) organiza una sesi\u00f3n sobre el <span style=\"color: #ff0000\"><strong>SUICIDIO:<\/strong><\/span><\/p>\n<p><strong>RIESGO DE SUICIDIO Y \u00abSINHOGARISMO\u00bb. <\/strong><strong>Dr. Fran Calvo (Profesor UdG)<\/strong><\/p>\n<p><span style=\"color: #0000ff\"><b style=\"color: #0000ff\">REFLEXIONES Y ACCIONES EN TORNO AL SUICIDIO. De una <\/b><span style=\"color: #0000ff\"><b>vivencia<\/b><\/span><b style=\"color: #0000ff\"> personal a una propuesta salubrista. <\/b><strong style=\"color: #0000ff\">Dr. Jos\u00e9 Luis Bimbela\u00a0 (Pr<\/strong><strong style=\"color: #0000ff\">ofesor asociado de la Escuela Andaluza de Salud P\u00fablica-EASP)<\/strong><\/span><\/p>\n<p><span style=\"color: #800080\"><strong>Presentaci\u00f3n a cargo de la Dra. S\u00edlvia Font-Mayolas, directora del Instituto de Investigaci\u00f3n sobre Calidad de Vida<\/strong><\/span><\/p>\n<p>D\u00eda:\u00a0<span style=\"color: #0000ff\"><strong>Mi\u00e9rcoles 7 de Septiembre de 2022<\/strong><\/span><\/p>\n<p>Hora: <span style=\"color: #0000ff\"><strong>11 horas<\/strong><\/span><\/p>\n<p>Lugar: <strong>Aula 170 (Planta 1) de la Facultad de Educaci\u00f3n y Psicolog\u00eda de la UdG (Pujada Sant Dom\u00e8nec, 9. Girona)<\/strong><\/p>\n<p>Tipo de acto: <span style=\"color: #ff0000\"><strong>GRATUITO<\/strong><\/span>. Es necesaria <strong>inscripci\u00f3n previa<\/strong> enviando e-mail a: <a href=\"mailto:sec.irqv@udg.edu\">sec.irqv@udg.edu<\/a>\u00a0 (80 plazas disponibles que se cubrir\u00e1n por riguroso orden de inscripci\u00f3n. Se enviar\u00e1 correo de confirmaci\u00f3n).<\/p>\n<p><span style=\"color: #ff0000\"><strong>Requisito: En atenci\u00f3n a la salud de las personas presentes ser\u00e1 imprescindible el uso de mascarilla.<\/strong><\/span><\/p>\n<p>En la segunda parte de la sesi\u00f3n se presentar\u00e1 el \u00faltimo libro del Dr. Jos\u00e9 Luis Bimbela Pedrola <strong><span style=\"color: #0000ff\"><em>\u201cVosotros no ten\u00e9is la culpa. En torno al suicidio\u201d<\/em>, <\/span><\/strong><span style=\"color: #0000ff\"><span style=\"color: #000000\"><span style=\"color: #000000\">que firmar\u00e1 (y dedicar\u00e1) aquellos ejemplares de los asistentes que as\u00ed\u00a0lo deseen.<\/span><\/span><\/span><\/p>\n<p>Se recuerda que el autor ha cedido los beneficios econ\u00f3micos por la venta del libro a la asociaci\u00f3n <strong>ACCU Granada (Asociaci\u00f3n de Crohn y Colitis Ulcerosa de Granada).<\/strong><\/p>\n<p>El libro est\u00e1 publicado por la <strong>Editorial Plataforma<\/strong> y puede adquirirse en cualquier librer\u00eda y\/o directamente en: <strong><a href=\"https:\/\/www.plataformaeditorial.com\/libro\/8809-vosotros-no-teneis-la-culpa\">https:\/\/www.plataformaeditorial.com\/libro\/8809-vosotros-no-teneis-la-culpa<\/a><\/strong><\/p>\n<p><strong><span style=\"color: #0000ff\">NOS VEMOS EL 7 DE SEPTIEMBRE \u00a1\u00a1\u00a1<\/span><\/strong><\/p>\n<p><span style=\"color: #ff0000\"><strong>MUY FELIZ VERANO \u00a1\u00a1\u00a1<\/strong><\/span><\/p>\n<p>Jos\u00e9 Luis Bimbela Pedrola<\/p>\n<p>&nbsp;<\/p>\n","protected":false},"excerpt":{"rendered":"<p>El Instituto de Investigaci\u00f3n sobre Calidad de Vida de la Universidad de Girona (UdG) organiza una sesi\u00f3n sobre el SUICIDIO: RIESGO DE SUICIDIO Y \u00abSINHOGARISMO\u00bb. Dr. Fran Calvo (Profesor UdG) REFLEXIONES Y ACCIONES EN TORNO AL SUICIDIO. De una vivencia personal a una propuesta salubrista. Dr. Jos\u00e9 Luis Bimbela\u00a0 (Profesor asociado de la Escuela Andaluza &hellip; <a href=\"https:\/\/www.easp.es\/web\/bimbela\/2022\/07\/y-el-7-de-septiembre-nos-vemos-en-gerona\/\" class=\"more-link\">Continuar leyendo<span class=\"screen-reader-text\"> \u00abY EL 7 DE SEPTIEMBRE NOS VEMOS EN GERONA&#8230;\u00bb<\/span><\/a><\/p>\n","protected":false},"author":2,"featured_media":0,"comment_status":"open","ping_status":"open","sticky":false,"template":"","format":"standard","meta":{"footnotes":""},"categories":[3],"tags":[],"class_list":["post-1832","post","type-post","status-publish","format-standard","hentry","category-general"],"_links":{"self":[{"href":"https:\/\/www.easp.es\/web\/bimbela\/wp-json\/wp\/v2\/posts\/1832","targetHints":{"allow":["GET"]}}],"collection":[{"href":"https:\/\/www.easp.es\/web\/bimbela\/wp-json\/wp\/v2\/posts"}],"about":[{"href":"https:\/\/www.easp.es\/web\/bimbela\/wp-json\/wp\/v2\/types\/post"}],"author":[{"embeddable":true,"href":"https:\/\/www.easp.es\/web\/bimbela\/wp-json\/wp\/v2\/users\/2"}],"replies":[{"embeddable":true,"href":"https:\/\/www.easp.es\/web\/bimbela\/wp-json\/wp\/v2\/comments?post=1832"}],"version-history":[{"count":4,"href":"https:\/\/www.easp.es\/web\/bimbela\/wp-json\/wp\/v2\/posts\/1832\/revisions"}],"predecessor-version":[{"id":1836,"href":"https:\/\/www.easp.es\/web\/bimbela\/wp-json\/wp\/v2\/posts\/1832\/revisions\/1836"}],"wp:attachment":[{"href":"https:\/\/www.easp.es\/web\/bimbela\/wp-json\/wp\/v2\/media?parent=1832"}],"wp:term":[{"taxonomy":"category","embeddable":true,"href":"https:\/\/www.easp.es\/web\/bimbela\/wp-json\/wp\/v2\/categories?post=1832"},{"taxonomy":"post_tag","embeddable":true,"href":"https:\/\/www.easp.es\/web\/bimbela\/wp-json\/wp\/v2\/tags?post=1832"}],"curies":[{"name":"wp","href":"https:\/\/api.w.org\/{rel}","templated":true}]}}