{"id":1842,"date":"2022-08-29T10:00:18","date_gmt":"2022-08-29T10:00:18","guid":{"rendered":"https:\/\/www.easp.es\/web\/bimbela\/?p=1842"},"modified":"2022-09-02T17:23:43","modified_gmt":"2022-09-02T17:23:43","slug":"y-el-viernes-9-de-septiembre-nos-vemos-en-barcelona","status":"publish","type":"post","link":"https:\/\/www.easp.es\/web\/bimbela\/2022\/08\/y-el-viernes-9-de-septiembre-nos-vemos-en-barcelona\/","title":{"rendered":"Y EL VIERNES 9 DE SEPTIEMBRE NOS VEMOS EN&#8230; BARCELONA \u00a1\u00a1"},"content":{"rendered":"<p><strong>CONFIRMADO: <\/strong><\/p>\n<p>EL PR\u00d3XIMO <span style=\"color: #0000ff\"><strong>VIERNES 9 DE SEPTIEMBRE (9 del 9) a las 19h.<\/strong><\/span> estar\u00e9 en la <span style=\"color: #ff0000\"><strong>LIBRER\u00cdA DOCUMENTA<\/strong><\/span> DE BARCELONA (s\u00ed, la m\u00edtica librer\u00eda Documenta\u00a0 \u00a0\u00a1\u00a1 Qu\u00e9 emoci\u00f3n !!) presentando la segunda edici\u00f3n de mi \u00faltimo libro: <strong><span style=\"color: #0000ff\"><em>\u201cVOSOTROS NO TEN\u00c9IS LA CULPA. EN TORNO AL SUICIDIO\u201d.<\/em><\/span><\/strong><\/p>\n<p>He escogido esta fecha por tratarse de la v\u00edspera del <strong>D\u00eda Mundial para la\u00a0 Prevenci\u00f3n del Suicidio<\/strong>, que se celebra cada a\u00f1o el d\u00eda 10 de septiembre.<\/p>\n<p>Me complace tambi\u00e9n recordaros que he cedido todos los beneficios econ\u00f3micos por la venta del libro a la asociaci\u00f3n <strong>ACCU Granada (Asociaci\u00f3n de Crohn y Colitis Ulcerosa de Granada).<\/strong><\/p>\n<p>Al final del acto, firmar\u00e9 (y dedicar\u00e9)<span style=\"color: #0000ff\"><span style=\"color: #000000\"> todos aquellos ejemplares de los asistentes que as\u00ed lo deseen.<\/span><\/span><\/p>\n<p>D\u00eda: <strong><span style=\"color: #0000ff\">Viernes 9 de Septiembre de 2022<\/span><\/strong><\/p>\n<p>Hora: <span style=\"color: #0000ff\"><strong>19 horas<\/strong><\/span><\/p>\n<p>Lugar: <strong><span style=\"color: #0000ff\">Librer\u00eda Documenta. Pau Claris, 144. Barcelona<\/span><\/strong><\/p>\n<p><span style=\"color: #ff0000\"><strong>Requisito: En atenci\u00f3n a la salud de las personas presentes ser\u00e1 imprescindible el uso de mascarilla.<\/strong><\/span><\/p>\n<p><img loading=\"lazy\" decoding=\"async\" class=\"aligncenter size-large wp-image-1845\" src=\"https:\/\/www.easp.es\/web\/bimbela\/wp-content\/uploads\/sites\/3\/2022\/08\/Presentacion-Documenta-576x1024.png\" alt=\"\" width=\"576\" height=\"1024\" srcset=\"https:\/\/www.easp.es\/web\/bimbela\/wp-content\/uploads\/sites\/3\/2022\/08\/Presentacion-Documenta-576x1024.png 576w, https:\/\/www.easp.es\/web\/bimbela\/wp-content\/uploads\/sites\/3\/2022\/08\/Presentacion-Documenta-169x300.png 169w, https:\/\/www.easp.es\/web\/bimbela\/wp-content\/uploads\/sites\/3\/2022\/08\/Presentacion-Documenta-768x1365.png 768w, https:\/\/www.easp.es\/web\/bimbela\/wp-content\/uploads\/sites\/3\/2022\/08\/Presentacion-Documenta-864x1536.png 864w, https:\/\/www.easp.es\/web\/bimbela\/wp-content\/uploads\/sites\/3\/2022\/08\/Presentacion-Documenta.png 1080w\" sizes=\"auto, (max-width: 576px) 85vw, 576px\" \/>El libro est\u00e1 publicado por la <strong>Editorial Plataforma<\/strong> y puede adquirirse en la propia <strong>librer\u00eda Documenta<\/strong> el d\u00eda de la presentaci\u00f3n y\/o directamente en: <strong><a href=\"https:\/\/www.plataformaeditorial.com\/libro\/8809-vosotros-no-teneis-la-culpa\">https:\/\/www.plataformaeditorial.com\/libro\/8809-vosotros-no-teneis-la-culpa<\/a><\/strong><\/p>\n<p><strong><span style=\"color: #0000ff\">NOS VEMOS EL 9 DE SEPTIEMBRE \u00a1\u00a1\u00a1<\/span><\/strong><\/p>\n<p><span style=\"color: #ff0000\"><strong>MUY FELIZ post-VERANO \u00a1\u00a1\u00a1<\/strong><\/span><\/p>\n<p>Jos\u00e9 Luis Bimbela Pedrola<\/p>\n<p>&nbsp;<\/p>\n","protected":false},"excerpt":{"rendered":"<p>CONFIRMADO: EL PR\u00d3XIMO VIERNES 9 DE SEPTIEMBRE (9 del 9) a las 19h. estar\u00e9 en la LIBRER\u00cdA DOCUMENTA DE BARCELONA (s\u00ed, la m\u00edtica librer\u00eda Documenta\u00a0 \u00a0\u00a1\u00a1 Qu\u00e9 emoci\u00f3n !!) presentando la segunda edici\u00f3n de mi \u00faltimo libro: \u201cVOSOTROS NO TEN\u00c9IS LA CULPA. EN TORNO AL SUICIDIO\u201d. He escogido esta fecha por tratarse de la v\u00edspera &hellip; <a href=\"https:\/\/www.easp.es\/web\/bimbela\/2022\/08\/y-el-viernes-9-de-septiembre-nos-vemos-en-barcelona\/\" class=\"more-link\">Continuar leyendo<span class=\"screen-reader-text\"> \u00abY EL VIERNES 9 DE SEPTIEMBRE NOS VEMOS EN&#8230; BARCELONA \u00a1\u00a1\u00bb<\/span><\/a><\/p>\n","protected":false},"author":2,"featured_media":0,"comment_status":"open","ping_status":"open","sticky":false,"template":"","format":"standard","meta":{"footnotes":""},"categories":[3],"tags":[],"class_list":["post-1842","post","type-post","status-publish","format-standard","hentry","category-general"],"_links":{"self":[{"href":"https:\/\/www.easp.es\/web\/bimbela\/wp-json\/wp\/v2\/posts\/1842","targetHints":{"allow":["GET"]}}],"collection":[{"href":"https:\/\/www.easp.es\/web\/bimbela\/wp-json\/wp\/v2\/posts"}],"about":[{"href":"https:\/\/www.easp.es\/web\/bimbela\/wp-json\/wp\/v2\/types\/post"}],"author":[{"embeddable":true,"href":"https:\/\/www.easp.es\/web\/bimbela\/wp-json\/wp\/v2\/users\/2"}],"replies":[{"embeddable":true,"href":"https:\/\/www.easp.es\/web\/bimbela\/wp-json\/wp\/v2\/comments?post=1842"}],"version-history":[{"count":4,"href":"https:\/\/www.easp.es\/web\/bimbela\/wp-json\/wp\/v2\/posts\/1842\/revisions"}],"predecessor-version":[{"id":1847,"href":"https:\/\/www.easp.es\/web\/bimbela\/wp-json\/wp\/v2\/posts\/1842\/revisions\/1847"}],"wp:attachment":[{"href":"https:\/\/www.easp.es\/web\/bimbela\/wp-json\/wp\/v2\/media?parent=1842"}],"wp:term":[{"taxonomy":"category","embeddable":true,"href":"https:\/\/www.easp.es\/web\/bimbela\/wp-json\/wp\/v2\/categories?post=1842"},{"taxonomy":"post_tag","embeddable":true,"href":"https:\/\/www.easp.es\/web\/bimbela\/wp-json\/wp\/v2\/tags?post=1842"}],"curies":[{"name":"wp","href":"https:\/\/api.w.org\/{rel}","templated":true}]}}